{"id":21019,"date":"2023-12-10T18:56:18","date_gmt":"2023-12-10T17:56:18","guid":{"rendered":"https:\/\/agora.xtec.cat\/esc-renaixencahostalets\/?p=21019"},"modified":"2023-12-10T18:56:18","modified_gmt":"2023-12-10T17:56:18","slug":"reformem-el-pati-dinfantil","status":"publish","type":"post","link":"https:\/\/agora.xtec.cat\/esc-renaixencahostalets\/general\/reformem-el-pati-dinfantil\/","title":{"rendered":"&#8220;REFORMEM&#8221; EL PATI D&#8217;INFANTIL"},"content":{"rendered":"<p>Durant aquest primer trimestre al pati d&#8217;infantil hem fet algunes petites &#8220;reformes&#8221; perqu\u00e8 els nostres infants puguin gaudir d&#8217;aquest espai exterior amb diferents propostes de joc donant respostes als diferents interessos i necessitats del nostre alumnat. Hem arreglat els panells sonors i de tubs, hem introdu\u00eft material nou a la caseta i tamb\u00e9 de construcci\u00f3 amb elements naturals com troncs i branques; hem comprat carretons de metall semblants als de veritat; i per acabar, hem creat una gran muntanya de rodes per poder escalar, grimpar i saltar.<\/p>\n<p>Tot aix\u00f2 ho hem aconseguit fer gr\u00e0cies a les fam\u00edlies volunt\u00e0ries que han ajudat a crear la muntanya de rodes i han aportat material nou pel pati. Gr\u00e0cies fam\u00edlies i docents per col\u00b7laborar i formar part d&#8217;aquesta &#8220;reforma&#8221;.<\/p>\n<p>&nbsp;<\/p>\n<p><img decoding=\"async\" class=\"aligncenter\" src=\"https:\/\/agora.xtec.cat\/esc-renaixencahostalets\/wp-content\/uploads\/usu1823\/2023\/12\/GridArt_20231206_002704935-Sabina-Liberta-Bonilla-300x300.jpg\" \/><\/p>\n","protected":false},"excerpt":{"rendered":"<p>Durant aquest primer trimestre al pati d&#8217;infantil hem fet algunes petites &#8220;reformes&#8221; perqu\u00e8 els nostres infants puguin gaudir d&#8217;aquest espai exterior amb diferents propostes de joc donant respostes als diferents interessos i necessitats del nostre alumnat. Hem arreglat els panells sonors i de tubs, hem&hellip;  <a href=\"https:\/\/agora.xtec.cat\/esc-renaixencahostalets\/general\/reformem-el-pati-dinfantil\/\" title=\"Read &#8220;REFORMEM&#8221; EL PATI D&#8217;INFANTIL\">Llegeix m\u00e9s\u00bb<\/a><\/p>\n","protected":false},"author":13,"featured_media":21020,"comment_status":"open","ping_status":"closed","sticky":false,"template":"","format":"standard","meta":{"_bbp_topic_count":0,"_bbp_reply_count":0,"_bbp_total_topic_count":0,"_bbp_total_reply_count":0,"_bbp_voice_count":0,"_bbp_anonymous_reply_count":0,"_bbp_topic_count_hidden":0,"_bbp_reply_count_hidden":0,"_bbp_forum_subforum_count":0,"footnotes":""},"categories":[1,3,8,9],"tags":[],"class_list":["post-21019","post","type-post","status-publish","format-standard","has-post-thumbnail","hentry","category-general","category-i3","category-i4","category-i5"],"post_mailing_queue_ids":[],"_links":{"self":[{"href":"https:\/\/agora.xtec.cat\/esc-renaixencahostalets\/wp-json\/wp\/v2\/posts\/21019","targetHints":{"allow":["GET"]}}],"collection":[{"href":"https:\/\/agora.xtec.cat\/esc-renaixencahostalets\/wp-json\/wp\/v2\/posts"}],"about":[{"href":"https:\/\/agora.xtec.cat\/esc-renaixencahostalets\/wp-json\/wp\/v2\/types\/post"}],"author":[{"embeddable":true,"href":"https:\/\/agora.xtec.cat\/esc-renaixencahostalets\/wp-json\/wp\/v2\/users\/13"}],"replies":[{"embeddable":true,"href":"https:\/\/agora.xtec.cat\/esc-renaixencahostalets\/wp-json\/wp\/v2\/comments?post=21019"}],"version-history":[{"count":1,"href":"https:\/\/agora.xtec.cat\/esc-renaixencahostalets\/wp-json\/wp\/v2\/posts\/21019\/revisions"}],"predecessor-version":[{"id":21021,"href":"https:\/\/agora.xtec.cat\/esc-renaixencahostalets\/wp-json\/wp\/v2\/posts\/21019\/revisions\/21021"}],"wp:featuredmedia":[{"embeddable":true,"href":"https:\/\/agora.xtec.cat\/esc-renaixencahostalets\/wp-json\/wp\/v2\/media\/21020"}],"wp:attachment":[{"href":"https:\/\/agora.xtec.cat\/esc-renaixencahostalets\/wp-json\/wp\/v2\/media?parent=21019"}],"wp:term":[{"taxonomy":"category","embeddable":true,"href":"https:\/\/agora.xtec.cat\/esc-renaixencahostalets\/wp-json\/wp\/v2\/categories?post=21019"},{"taxonomy":"post_tag","embeddable":true,"href":"https:\/\/agora.xtec.cat\/esc-renaixencahostalets\/wp-json\/wp\/v2\/tags?post=21019"}],"curies":[{"name":"wp","href":"https:\/\/api.w.org\/{rel}","templated":true}]}}