{"id":21016,"date":"2023-12-10T18:52:48","date_gmt":"2023-12-10T17:52:48","guid":{"rendered":"https:\/\/agora.xtec.cat\/esc-renaixencahostalets\/?p=21016"},"modified":"2023-12-10T18:52:48","modified_gmt":"2023-12-10T17:52:48","slug":"com-volem-que-sigui-la-nostra-classe","status":"publish","type":"post","link":"https:\/\/agora.xtec.cat\/esc-renaixencahostalets\/general\/com-volem-que-sigui-la-nostra-classe\/","title":{"rendered":"COM VOLEM QUE SIGUI LA NOSTRA CLASSE?"},"content":{"rendered":"<p>Des del setembre, a 6\u00e8, estem fent un projecte per dissenyar com volem que sigui la nostra aula. Per a fer-ho, ens hem dividit en quatre comissions diferents i, cada una d&#8217;aquestes t\u00e9 diferents tasques.<\/p>\n<p>Jardineria: s&#8217;han ocupat de tota la part relacionada amb les plantes de l&#8217;aula.<\/p>\n<p>Espais plegables: han organitzat diferents espais i objectes necessaris per a aquests com, per exemple, la biblioteca i coixins per llegir m\u00e9s c\u00f2modament.<\/p>\n<p>Art\u00edstica: a m\u00e9s a m\u00e9s d&#8217;ajudar-nos a triar un artista d&#8217;aula amb qui inspirar-nos, han fet quadres i calculat la pintura que necessitem per pintar la nostra aula.<\/p>\n<p>Ambientaci\u00f3: han organitzat els diferents espais de l&#8217;aula i han creat material divers per ajudar-nos a la correcta gesti\u00f3 de la nostra aula.<\/p>\n<p>Tot aix\u00f2 ens ha comportat molta feina i, sobretot, ens ha requerit una bona ORGANITZACI\u00d3 I PLANIFICACI\u00d3 de les diverses tasques. Per a fer-ho, ens ha anat molt b\u00e9 organitzar les tasques per sessions i setmanes a partir d&#8217;un gran suro en el qual hem especificat els objectius i ens hem distribu\u00eft les tasques, per tal de ser m\u00e9s efica\u00e7os\/es i complir amb els terminis d&#8217;entrega establerts.<\/p>\n<p>Teniu ganes de veure el resultat final&#8230;?<\/p>\n<p><img loading=\"lazy\" decoding=\"async\" class=\"aligncenter\" src=\"https:\/\/agora.xtec.cat\/esc-renaixencahostalets\/wp-content\/uploads\/usu1823\/2023\/12\/IMG20231102151532-1-Ariadna-Claravall-scaled.jpg\" width=\"427\" height=\"320\" \/><\/p>\n","protected":false},"excerpt":{"rendered":"<p>Des del setembre, a 6\u00e8, estem fent un projecte per dissenyar com volem que sigui la nostra aula. Per a fer-ho, ens hem dividit en quatre comissions diferents i, cada una d&#8217;aquestes t\u00e9 diferents tasques.<br \/>\nJardineria: s&#8217;han ocupat de tota la part relacionada amb les plantes&hellip;  <a href=\"https:\/\/agora.xtec.cat\/esc-renaixencahostalets\/general\/com-volem-que-sigui-la-nostra-classe\/\" title=\"Read COM VOLEM QUE SIGUI LA NOSTRA CLASSE?\">Llegeix m\u00e9s\u00bb<\/a><\/p>\n","protected":false},"author":13,"featured_media":21017,"comment_status":"open","ping_status":"closed","sticky":false,"template":"","format":"standard","meta":{"_bbp_topic_count":0,"_bbp_reply_count":0,"_bbp_total_topic_count":0,"_bbp_total_reply_count":0,"_bbp_voice_count":0,"_bbp_anonymous_reply_count":0,"_bbp_topic_count_hidden":0,"_bbp_reply_count_hidden":0,"_bbp_forum_subforum_count":0,"footnotes":""},"categories":[15,1,121],"tags":[],"class_list":["post-21016","post","type-post","status-publish","format-standard","has-post-thumbnail","hentry","category-6e","category-general","category-121"],"post_mailing_queue_ids":[],"_links":{"self":[{"href":"https:\/\/agora.xtec.cat\/esc-renaixencahostalets\/wp-json\/wp\/v2\/posts\/21016","targetHints":{"allow":["GET"]}}],"collection":[{"href":"https:\/\/agora.xtec.cat\/esc-renaixencahostalets\/wp-json\/wp\/v2\/posts"}],"about":[{"href":"https:\/\/agora.xtec.cat\/esc-renaixencahostalets\/wp-json\/wp\/v2\/types\/post"}],"author":[{"embeddable":true,"href":"https:\/\/agora.xtec.cat\/esc-renaixencahostalets\/wp-json\/wp\/v2\/users\/13"}],"replies":[{"embeddable":true,"href":"https:\/\/agora.xtec.cat\/esc-renaixencahostalets\/wp-json\/wp\/v2\/comments?post=21016"}],"version-history":[{"count":1,"href":"https:\/\/agora.xtec.cat\/esc-renaixencahostalets\/wp-json\/wp\/v2\/posts\/21016\/revisions"}],"predecessor-version":[{"id":21018,"href":"https:\/\/agora.xtec.cat\/esc-renaixencahostalets\/wp-json\/wp\/v2\/posts\/21016\/revisions\/21018"}],"wp:featuredmedia":[{"embeddable":true,"href":"https:\/\/agora.xtec.cat\/esc-renaixencahostalets\/wp-json\/wp\/v2\/media\/21017"}],"wp:attachment":[{"href":"https:\/\/agora.xtec.cat\/esc-renaixencahostalets\/wp-json\/wp\/v2\/media?parent=21016"}],"wp:term":[{"taxonomy":"category","embeddable":true,"href":"https:\/\/agora.xtec.cat\/esc-renaixencahostalets\/wp-json\/wp\/v2\/categories?post=21016"},{"taxonomy":"post_tag","embeddable":true,"href":"https:\/\/agora.xtec.cat\/esc-renaixencahostalets\/wp-json\/wp\/v2\/tags?post=21016"}],"curies":[{"name":"wp","href":"https:\/\/api.w.org\/{rel}","templated":true}]}}