{"id":21006,"date":"2023-12-10T18:43:45","date_gmt":"2023-12-10T17:43:45","guid":{"rendered":"https:\/\/agora.xtec.cat\/esc-renaixencahostalets\/?p=21006"},"modified":"2023-12-10T18:48:55","modified_gmt":"2023-12-10T17:48:55","slug":"taller-de-green-cosmetics","status":"publish","type":"post","link":"https:\/\/agora.xtec.cat\/esc-renaixencahostalets\/general\/taller-de-green-cosmetics\/","title":{"rendered":"TALLER DE GREEN COSM\u00c8TICS"},"content":{"rendered":"<p>Aquest trimestre estem realitzant un taller de cosm\u00e8tica natural (Green Cosm\u00e8tics) amb els alumnes de 2n i 3r de secund\u00e0ria. Estem aprenent i gaudint de l&#8217;elaboraci\u00f3 de cosm\u00e8tics sostenibles amb l&#8217;acompanyament de la Sonsoles Gallego, experta en cosm\u00e8tica natural i ecol\u00f2gica, formadora i divulgadora. Hem elaborat sab\u00f3 de mans, crema hidratant facial, desodorant en crema i b\u00e0lsam labial. Estem molt contents del resultat, ens han quedat uns cosm\u00e8tics de primera. La idea \u00e9s vendre els cosm\u00e8tics elaborats pels alumnes la darrera setmana de desembre per tal de finan\u00e7ar el taller. Properament, us informarem de com i quan podeu adquirir els cosm\u00e8tics de Green Cosm\u00e8tics. Esperem que els gaudiu tant com nosaltres preparant-los.<\/p>\n<p><img loading=\"lazy\" decoding=\"async\" class=\"aligncenter\" src=\"https:\/\/agora.xtec.cat\/esc-renaixencahostalets\/wp-content\/uploads\/usu1823\/2023\/12\/WhatsApp-Image-2023-11-27-at-20.07.47-2-Marta-Carrascal-Riera.jpeg\" width=\"320\" height=\"427\" \/><\/p>\n","protected":false},"excerpt":{"rendered":"<p>Aquest trimestre estem realitzant un taller de cosm\u00e8tica natural (Green Cosm\u00e8tics) amb els alumnes de 2n i 3r de secund\u00e0ria. Estem aprenent i gaudint de l&#8217;elaboraci\u00f3 de cosm\u00e8tics sostenibles amb l&#8217;acompanyament de la Sonsoles Gallego, experta en cosm\u00e8tica natural i ecol\u00f2gica, formadora i divulgadora. Hem&hellip;  <a href=\"https:\/\/agora.xtec.cat\/esc-renaixencahostalets\/general\/taller-de-green-cosmetics\/\" title=\"Read TALLER DE GREEN COSM\u00c8TICS\">Llegeix m\u00e9s\u00bb<\/a><\/p>\n","protected":false},"author":13,"featured_media":21007,"comment_status":"open","ping_status":"closed","sticky":false,"template":"","format":"standard","meta":{"_bbp_topic_count":0,"_bbp_reply_count":0,"_bbp_total_topic_count":0,"_bbp_total_reply_count":0,"_bbp_voice_count":0,"_bbp_anonymous_reply_count":0,"_bbp_topic_count_hidden":0,"_bbp_reply_count_hidden":0,"_bbp_forum_subforum_count":0,"footnotes":""},"categories":[153,162,1],"tags":[],"class_list":["post-21006","post","type-post","status-publish","format-standard","has-post-thumbnail","hentry","category-2n-eso","category-3r-eso","category-general"],"post_mailing_queue_ids":[],"_links":{"self":[{"href":"https:\/\/agora.xtec.cat\/esc-renaixencahostalets\/wp-json\/wp\/v2\/posts\/21006","targetHints":{"allow":["GET"]}}],"collection":[{"href":"https:\/\/agora.xtec.cat\/esc-renaixencahostalets\/wp-json\/wp\/v2\/posts"}],"about":[{"href":"https:\/\/agora.xtec.cat\/esc-renaixencahostalets\/wp-json\/wp\/v2\/types\/post"}],"author":[{"embeddable":true,"href":"https:\/\/agora.xtec.cat\/esc-renaixencahostalets\/wp-json\/wp\/v2\/users\/13"}],"replies":[{"embeddable":true,"href":"https:\/\/agora.xtec.cat\/esc-renaixencahostalets\/wp-json\/wp\/v2\/comments?post=21006"}],"version-history":[{"count":4,"href":"https:\/\/agora.xtec.cat\/esc-renaixencahostalets\/wp-json\/wp\/v2\/posts\/21006\/revisions"}],"predecessor-version":[{"id":21013,"href":"https:\/\/agora.xtec.cat\/esc-renaixencahostalets\/wp-json\/wp\/v2\/posts\/21006\/revisions\/21013"}],"wp:featuredmedia":[{"embeddable":true,"href":"https:\/\/agora.xtec.cat\/esc-renaixencahostalets\/wp-json\/wp\/v2\/media\/21007"}],"wp:attachment":[{"href":"https:\/\/agora.xtec.cat\/esc-renaixencahostalets\/wp-json\/wp\/v2\/media?parent=21006"}],"wp:term":[{"taxonomy":"category","embeddable":true,"href":"https:\/\/agora.xtec.cat\/esc-renaixencahostalets\/wp-json\/wp\/v2\/categories?post=21006"},{"taxonomy":"post_tag","embeddable":true,"href":"https:\/\/agora.xtec.cat\/esc-renaixencahostalets\/wp-json\/wp\/v2\/tags?post=21006"}],"curies":[{"name":"wp","href":"https:\/\/api.w.org\/{rel}","templated":true}]}}