{"id":20946,"date":"2023-10-25T08:53:34","date_gmt":"2023-10-25T06:53:34","guid":{"rendered":"https:\/\/agora.xtec.cat\/esc-renaixencahostalets\/?p=20946"},"modified":"2023-10-25T08:53:34","modified_gmt":"2023-10-25T06:53:34","slug":"ajudes-lescolaritzacio","status":"publish","type":"post","link":"https:\/\/agora.xtec.cat\/esc-renaixencahostalets\/general\/ajudes-lescolaritzacio\/","title":{"rendered":"Ajudes l&#8217;escolaritzaci\u00f3"},"content":{"rendered":"<p><a href=\"https:\/\/agora.xtec.cat\/esc-renaixencahostalets\/wp-content\/uploads\/usu1823\/2023\/10\/logo.jpg\"><img loading=\"lazy\" decoding=\"async\" class=\"alignnone wp-image-20948\" src=\"https:\/\/agora.xtec.cat\/esc-renaixencahostalets\/wp-content\/uploads\/usu1823\/2023\/10\/logo.jpg\" alt=\"\" width=\"192\" height=\"323\" srcset=\"https:\/\/agora.xtec.cat\/esc-renaixencahostalets\/wp-content\/uploads\/usu1823\/2023\/10\/logo.jpg 491w, https:\/\/agora.xtec.cat\/esc-renaixencahostalets\/wp-content\/uploads\/usu1823\/2023\/10\/logo-178x300.jpg 178w\" sizes=\"auto, (max-width: 192px) 100vw, 192px\" \/><\/a><\/p>\n<p>Benvolgudes fam\u00edlies<\/p>\n<p>L&#8217;Ajuntament d&#8217;Els Hostalets de Pierola, ha publicat l&#8217;anunci sobre la concessi\u00f3 d&#8217;Ajuts a l&#8217;Escolaritzaci\u00f3.<\/p>\n<p>Aquest conjunt d\u2019ajudes<strong> va destinat als estudiants empadronats als Hostalets de Pierola<\/strong>, menors d\u2019edat que estiguin amb el seu pare\/mare o tutor legal i els alumnes fins a 25 anys que, durant el curs 2023\/2024, <strong>estiguin cursant estudis d\u2019Educaci\u00f3 Infantil, Prim\u00e0ria, Secund\u00e0ria<\/strong>, Batxillerat, m\u00f2duls formatius i estudis universitaris i de m\u00e0ster en centres p\u00fablics o privats amb t\u00edtol homologat.<br \/>\nEn cas de sol\u00b7licituds per a diversos alumnes d\u2019una mateixa fam\u00edlia menors d\u2019edat s\u2019haur\u00e0 de formalitzar un \u00fanic impr\u00e8s de sol\u00b7licitud. Quan siguin majors d\u2019edat un impr\u00e8s per sol\u00b7licitant. Si la demanda d\u2019ajuts supera la quantitat econ\u00f2mica global de la partida pressupost\u00e0ria, les ajudes es<br \/>\nveuran redu\u00efdes proporcionalment per tal que tothom se\u2019n pugui beneficiar.<\/p>\n<p>El <strong>termini<\/strong> de presentaci\u00f3 \u00e9s del <strong>30 d&#8217;octubre al 30 de novembre de 2023<\/strong> (per l&#8217;alumnat del centre).<\/p>\n<p>El certificat de pagament de l&#8217;aportaci\u00f3 econ\u00f2mica ser\u00e0 facilitat pel centre i el rebreu a trav\u00e9s de l&#8217;agenda del vostre fill\/a, i en m\u00e0 en el cas d&#8217;Educaci\u00f3 Infantil.<\/p>\n<p>A continuaci\u00f3 us facilitem un enlla\u00e7 amb m\u00e9s informaci\u00f3 d&#8217;inter\u00e8s.<\/p>\n<p>\u21d2<strong><a href=\"https:\/\/agora.xtec.cat\/esc-renaixencahostalets\/wp-content\/uploads\/usu1823\/2023\/10\/Ajudes_escolaritzacio_2023_v3.pdf\">tr\u00edptic informatiu<\/a><\/strong><\/p>\n<p>&nbsp;<\/p>\n","protected":false},"excerpt":{"rendered":"<p><a href=\"https:\/\/agora.xtec.cat\/esc-renaixencahostalets\/wp-content\/uploads\/usu1823\/2023\/10\/logo.jpg\"><\/a><br \/>\nBenvolgudes fam\u00edlies<br \/>\nL&#8217;Ajuntament d&#8217;Els Hostalets de Pierola, ha publicat l&#8217;anunci sobre la concessi\u00f3 d&#8217;Ajuts a l&#8217;Escolaritzaci\u00f3.<br \/>\nAquest conjunt d\u2019ajudes va destinat als estudiants empadronats als Hostalets de Pierola, menors d\u2019edat que estiguin amb el seu pare\/mare o tutor legal i els alumnes fins a 25 anys&hellip;  <a href=\"https:\/\/agora.xtec.cat\/esc-renaixencahostalets\/general\/ajudes-lescolaritzacio\/\" title=\"Read Ajudes l&#8217;escolaritzaci\u00f3\">Llegeix m\u00e9s\u00bb<\/a><\/p>\n","protected":false},"author":5,"featured_media":20948,"comment_status":"open","ping_status":"closed","sticky":false,"template":"","format":"standard","meta":{"_bbp_topic_count":0,"_bbp_reply_count":0,"_bbp_total_topic_count":0,"_bbp_total_reply_count":0,"_bbp_voice_count":0,"_bbp_anonymous_reply_count":0,"_bbp_topic_count_hidden":0,"_bbp_reply_count_hidden":0,"_bbp_forum_subforum_count":0,"footnotes":""},"categories":[104,1],"tags":[],"class_list":["post-20946","post","type-post","status-publish","format-standard","has-post-thumbnail","hentry","category-beques","category-general"],"post_mailing_queue_ids":[],"_links":{"self":[{"href":"https:\/\/agora.xtec.cat\/esc-renaixencahostalets\/wp-json\/wp\/v2\/posts\/20946","targetHints":{"allow":["GET"]}}],"collection":[{"href":"https:\/\/agora.xtec.cat\/esc-renaixencahostalets\/wp-json\/wp\/v2\/posts"}],"about":[{"href":"https:\/\/agora.xtec.cat\/esc-renaixencahostalets\/wp-json\/wp\/v2\/types\/post"}],"author":[{"embeddable":true,"href":"https:\/\/agora.xtec.cat\/esc-renaixencahostalets\/wp-json\/wp\/v2\/users\/5"}],"replies":[{"embeddable":true,"href":"https:\/\/agora.xtec.cat\/esc-renaixencahostalets\/wp-json\/wp\/v2\/comments?post=20946"}],"version-history":[{"count":2,"href":"https:\/\/agora.xtec.cat\/esc-renaixencahostalets\/wp-json\/wp\/v2\/posts\/20946\/revisions"}],"predecessor-version":[{"id":20950,"href":"https:\/\/agora.xtec.cat\/esc-renaixencahostalets\/wp-json\/wp\/v2\/posts\/20946\/revisions\/20950"}],"wp:featuredmedia":[{"embeddable":true,"href":"https:\/\/agora.xtec.cat\/esc-renaixencahostalets\/wp-json\/wp\/v2\/media\/20948"}],"wp:attachment":[{"href":"https:\/\/agora.xtec.cat\/esc-renaixencahostalets\/wp-json\/wp\/v2\/media?parent=20946"}],"wp:term":[{"taxonomy":"category","embeddable":true,"href":"https:\/\/agora.xtec.cat\/esc-renaixencahostalets\/wp-json\/wp\/v2\/categories?post=20946"},{"taxonomy":"post_tag","embeddable":true,"href":"https:\/\/agora.xtec.cat\/esc-renaixencahostalets\/wp-json\/wp\/v2\/tags?post=20946"}],"curies":[{"name":"wp","href":"https:\/\/api.w.org\/{rel}","templated":true}]}}