{"id":20866,"date":"2023-07-10T18:11:10","date_gmt":"2023-07-10T16:11:10","guid":{"rendered":"https:\/\/agora.xtec.cat\/esc-renaixencahostalets\/?p=20866"},"modified":"2023-10-24T10:05:24","modified_gmt":"2023-10-24T08:05:24","slug":"val-escolars","status":"publish","type":"post","link":"https:\/\/agora.xtec.cat\/esc-renaixencahostalets\/general\/val-escolars\/","title":{"rendered":"Val escolar"},"content":{"rendered":"<p><a href=\"https:\/\/agora.xtec.cat\/esc-renaixencahostalets\/wp-content\/uploads\/usu1823\/2023\/07\/val-escolar.jpg\"><img loading=\"lazy\" decoding=\"async\" class=\"alignnone size-full wp-image-20867\" src=\"https:\/\/agora.xtec.cat\/esc-renaixencahostalets\/wp-content\/uploads\/usu1823\/2023\/07\/val-escolar.jpg\" alt=\"\" width=\"430\" height=\"197\" srcset=\"https:\/\/agora.xtec.cat\/esc-renaixencahostalets\/wp-content\/uploads\/usu1823\/2023\/07\/val-escolar.jpg 430w, https:\/\/agora.xtec.cat\/esc-renaixencahostalets\/wp-content\/uploads\/usu1823\/2023\/07\/val-escolar-300x137.jpg 300w\" sizes=\"auto, (max-width: 430px) 100vw, 430px\" \/><\/a><\/p>\n<p>El\u00a0<strong>val escolar de 100 euros<\/strong>\u00a0s\u2019adre\u00e7a a les fam\u00edlies amb alumnes que el curs 2023-2024 facin entre 1r i 6\u00e8 de prim\u00e0ria en centres p\u00fablics o concertats.<\/p>\n<p>Podr\u00e0s bescanviar els vals per elements d\u2019escriptura, papereria, llibres de text, literatura infantil i juvenil, diccionaris, calculadores, motxilles, estoigs i jocs educatius<\/p>\n<p>A continuaci\u00f3 us facilitem l&#8217;enlla\u00e7 al web que us ajudar\u00e0 a resoldre els dubtes.<\/p>\n<p><a href=\"https:\/\/valescolar.cat\/\">https:\/\/valescolar.cat\/<\/a><\/p>\n","protected":false},"excerpt":{"rendered":"<p><a href=\"https:\/\/agora.xtec.cat\/esc-renaixencahostalets\/wp-content\/uploads\/usu1823\/2023\/07\/val-escolar.jpg\"><\/a><br \/>\nEl\u00a0val escolar de 100 euros\u00a0s\u2019adre\u00e7a a les fam\u00edlies amb alumnes que el curs 2023-2024 facin entre 1r i 6\u00e8 de prim\u00e0ria en centres p\u00fablics o concertats.<br \/>\nPodr\u00e0s bescanviar els vals per elements d\u2019escriptura, papereria, llibres de text, literatura infantil i juvenil, diccionaris, calculadores, motxilles, estoigs&hellip;  <a href=\"https:\/\/agora.xtec.cat\/esc-renaixencahostalets\/general\/val-escolars\/\" title=\"Read Val escolar\">Llegeix m\u00e9s\u00bb<\/a><\/p>\n","protected":false},"author":5,"featured_media":20867,"comment_status":"open","ping_status":"closed","sticky":false,"template":"","format":"standard","meta":{"_bbp_topic_count":0,"_bbp_reply_count":0,"_bbp_total_topic_count":0,"_bbp_total_reply_count":0,"_bbp_voice_count":0,"_bbp_anonymous_reply_count":0,"_bbp_topic_count_hidden":0,"_bbp_reply_count_hidden":0,"_bbp_forum_subforum_count":0,"footnotes":""},"categories":[1],"tags":[],"class_list":["post-20866","post","type-post","status-publish","format-standard","has-post-thumbnail","hentry","category-general"],"post_mailing_queue_ids":[],"_links":{"self":[{"href":"https:\/\/agora.xtec.cat\/esc-renaixencahostalets\/wp-json\/wp\/v2\/posts\/20866","targetHints":{"allow":["GET"]}}],"collection":[{"href":"https:\/\/agora.xtec.cat\/esc-renaixencahostalets\/wp-json\/wp\/v2\/posts"}],"about":[{"href":"https:\/\/agora.xtec.cat\/esc-renaixencahostalets\/wp-json\/wp\/v2\/types\/post"}],"author":[{"embeddable":true,"href":"https:\/\/agora.xtec.cat\/esc-renaixencahostalets\/wp-json\/wp\/v2\/users\/5"}],"replies":[{"embeddable":true,"href":"https:\/\/agora.xtec.cat\/esc-renaixencahostalets\/wp-json\/wp\/v2\/comments?post=20866"}],"version-history":[{"count":2,"href":"https:\/\/agora.xtec.cat\/esc-renaixencahostalets\/wp-json\/wp\/v2\/posts\/20866\/revisions"}],"predecessor-version":[{"id":20875,"href":"https:\/\/agora.xtec.cat\/esc-renaixencahostalets\/wp-json\/wp\/v2\/posts\/20866\/revisions\/20875"}],"wp:featuredmedia":[{"embeddable":true,"href":"https:\/\/agora.xtec.cat\/esc-renaixencahostalets\/wp-json\/wp\/v2\/media\/20867"}],"wp:attachment":[{"href":"https:\/\/agora.xtec.cat\/esc-renaixencahostalets\/wp-json\/wp\/v2\/media?parent=20866"}],"wp:term":[{"taxonomy":"category","embeddable":true,"href":"https:\/\/agora.xtec.cat\/esc-renaixencahostalets\/wp-json\/wp\/v2\/categories?post=20866"},{"taxonomy":"post_tag","embeddable":true,"href":"https:\/\/agora.xtec.cat\/esc-renaixencahostalets\/wp-json\/wp\/v2\/tags?post=20866"}],"curies":[{"name":"wp","href":"https:\/\/api.w.org\/{rel}","templated":true}]}}