{"id":20858,"date":"2023-06-20T13:10:29","date_gmt":"2023-06-20T11:10:29","guid":{"rendered":"https:\/\/agora.xtec.cat\/esc-renaixencahostalets\/?p=20858"},"modified":"2023-06-20T13:10:29","modified_gmt":"2023-06-20T11:10:29","slug":"les-cooperatives-fetes-realitat","status":"publish","type":"post","link":"https:\/\/agora.xtec.cat\/esc-renaixencahostalets\/general\/les-cooperatives-fetes-realitat\/","title":{"rendered":"Les cooperatives fetes realitat!"},"content":{"rendered":"<p><span style=\"font-weight: 400;\">L&#8217;alumnat de 5\u00e8 de prim\u00e0ria de l&#8217;Institut Escola Renaixen\u00e7a ha fet un projecte al llarg de tot el curs que es diu emprenedoria. Han creat dues cooperatives; una es diu &#8220;LesNostresMans&#8221; i l&#8217;altra cooperativa es diu &#8220;Coopefive&#8221;. Una cooperativa \u00e9s com una empresa, per\u00f2 no hi ha una persona que lidera el treball. La difer\u00e8ncia entre una empresa i una cooperativa \u00e9s que l&#8217;empresa paga als treballadors i a les treballadores i la cooperativa, en canvi, no es paga, \u00e9s voluntari. Els i les propietaris\/es d&#8217;una cooperativa en s\u00f3n els membres, mentre que en una empresa en s\u00f3n els\/les inversors\/es i els\/les accionistes. En aquest cas, la finalitat de les cooperatives &#8220;LesnNostresMans&#8221; i &#8220;Coopefive&#8221; va ser guanyar diners per fer una donaci\u00f3 a l&#8217;Associaci\u00f3 contra el c\u00e0ncer. <\/span><span style=\"font-weight: 400;\">L&#8217;alumnat va necessitar una mica d&#8217;ajuda a les fam\u00edlies de les i dels alumnes perqu\u00e8 necessitaven cosir i hi havia fam\u00edlies amb m\u00e9s experi\u00e8ncia. A m\u00e9s a m\u00e9s, les mestres tamb\u00e9 van ajudar molt.<br \/>\n<\/span><img loading=\"lazy\" decoding=\"async\" class=\"size-medium wp-image-20862 alignleft\" src=\"https:\/\/agora.xtec.cat\/esc-renaixencahostalets\/wp-content\/uploads\/usu1823\/2023\/06\/Salting-5e--300x251.png\" alt=\"\" width=\"300\" height=\"251\" srcset=\"https:\/\/agora.xtec.cat\/esc-renaixencahostalets\/wp-content\/uploads\/usu1823\/2023\/06\/Salting-5e--300x250.png 300w, https:\/\/agora.xtec.cat\/esc-renaixencahostalets\/wp-content\/uploads\/usu1823\/2023\/06\/Salting-5e--768x644.png 768w, https:\/\/agora.xtec.cat\/esc-renaixencahostalets\/wp-content\/uploads\/usu1823\/2023\/06\/Salting-5e-.png 940w\" sizes=\"auto, (max-width: 300px) 100vw, 300px\" \/><\/p>\n<p>El passat dijous 15 de juny tot l&#8217;alumnat de 5\u00e8 amb les seves tutores, l&#8217;Ariadna i la Mariola, van despla\u00e7ar-se amb autob\u00fas a la platja de Vilanova i la Geltr\u00fa i al Salting. Van poder fer aquesta activitat final gratu\u00eftament, ja que van dur-la a terme amb el 45% dels beneficis que van obtenir de la venda dels productes de la cooperativa.<\/p>\n<ul>\n<li style=\"list-style-type: none;\">\n<ul style=\"list-style-type: circle;\">\n<li><span style=\"font-weight: 400;\">Els i les de 5\u00e8 A van vendre els seg\u00fcents productes: <\/span><span style=\"font-weight: 400;\">Moneders, clauers i organitzadors d&#8217;escriptori.\u00a0<\/span><\/li>\n<li style=\"text-align: left;\"><span style=\"font-weight: 400;\">Els i les de 5\u00e8 B van vendre els seg\u00fcents productes: Porta entrepans amb diferents teles, ambientadors de cotxe i unes llibretes amb dissenys variats.<\/span><\/li>\n<\/ul>\n<\/li>\n<\/ul>\n<p>Avui, dimarts 20 de juny de 2023, dues persones de l&#8217;Associaci\u00f3 Contra el C\u00e0ncer han vingut al centre a explicar quines activitats fan i l&#8217;alumnat de 5\u00e8 els ha fet el donatiu de 750,68\u20ac, que representa el 55% dels beneficis totals d&#8217;ambdues cooperatives.<\/p>\n\n\t\t<style type=\"text\/css\">\n\t\t\t#gallery-1 {\n\t\t\t\tmargin: auto;\n\t\t\t}\n\t\t\t#gallery-1 .gallery-item {\n\t\t\t\tfloat: left;\n\t\t\t\tmargin-top: 10px;\n\t\t\t\ttext-align: center;\n\t\t\t\twidth: 50%;\n\t\t\t}\n\t\t\t#gallery-1 img {\n\t\t\t\tborder: 2px solid #cfcfcf;\n\t\t\t}\n\t\t\t#gallery-1 .gallery-caption {\n\t\t\t\tmargin-left: 0;\n\t\t\t}\n\t\t\t\/* see gallery_shortcode() in wp-includes\/media.php *\/\n\t\t<\/style>\n\t\t<div id='gallery-1' class='gallery galleryid-20858 gallery-columns-2 gallery-size-medium'><dl class='gallery-item'>\n\t\t\t<dt class='gallery-icon landscape'>\n\t\t\t\t<a href='https:\/\/agora.xtec.cat\/esc-renaixencahostalets\/general\/les-cooperatives-fetes-realitat\/attachment\/img-6813\/'><img loading=\"lazy\" decoding=\"async\" width=\"300\" height=\"202\" src=\"https:\/\/agora.xtec.cat\/esc-renaixencahostalets\/wp-content\/uploads\/usu1823\/2023\/06\/IMG-6813-300x202.jpg\" class=\"attachment-medium size-medium\" alt=\"\" srcset=\"https:\/\/agora.xtec.cat\/esc-renaixencahostalets\/wp-content\/uploads\/usu1823\/2023\/06\/IMG-6813-300x202.jpg 300w, https:\/\/agora.xtec.cat\/esc-renaixencahostalets\/wp-content\/uploads\/usu1823\/2023\/06\/IMG-6813-1024x688.jpg 1024w, https:\/\/agora.xtec.cat\/esc-renaixencahostalets\/wp-content\/uploads\/usu1823\/2023\/06\/IMG-6813-768x516.jpg 768w, https:\/\/agora.xtec.cat\/esc-renaixencahostalets\/wp-content\/uploads\/usu1823\/2023\/06\/IMG-6813-1536x1032.jpg 1536w, https:\/\/agora.xtec.cat\/esc-renaixencahostalets\/wp-content\/uploads\/usu1823\/2023\/06\/IMG-6813-2048x1376.jpg 2048w\" sizes=\"auto, (max-width: 300px) 100vw, 300px\" \/><\/a>\n\t\t\t<\/dt><\/dl><dl class='gallery-item'>\n\t\t\t<dt class='gallery-icon portrait'>\n\t\t\t\t<a href='https:\/\/agora.xtec.cat\/esc-renaixencahostalets\/general\/les-cooperatives-fetes-realitat\/attachment\/img-6812\/'><img loading=\"lazy\" decoding=\"async\" width=\"250\" height=\"300\" src=\"https:\/\/agora.xtec.cat\/esc-renaixencahostalets\/wp-content\/uploads\/usu1823\/2023\/06\/IMG-6812-250x300.jpg\" class=\"attachment-medium size-medium\" alt=\"\" srcset=\"https:\/\/agora.xtec.cat\/esc-renaixencahostalets\/wp-content\/uploads\/usu1823\/2023\/06\/IMG-6812-250x300.jpg 250w, https:\/\/agora.xtec.cat\/esc-renaixencahostalets\/wp-content\/uploads\/usu1823\/2023\/06\/IMG-6812-855x1024.jpg 855w, https:\/\/agora.xtec.cat\/esc-renaixencahostalets\/wp-content\/uploads\/usu1823\/2023\/06\/IMG-6812-768x920.jpg 768w, https:\/\/agora.xtec.cat\/esc-renaixencahostalets\/wp-content\/uploads\/usu1823\/2023\/06\/IMG-6812-1282x1536.jpg 1282w, https:\/\/agora.xtec.cat\/esc-renaixencahostalets\/wp-content\/uploads\/usu1823\/2023\/06\/IMG-6812-1709x2048.jpg 1709w\" sizes=\"auto, (max-width: 250px) 100vw, 250px\" \/><\/a>\n\t\t\t<\/dt><\/dl><br style=\"clear: both\" \/>\n\t\t<\/div>\n\n","protected":false},"excerpt":{"rendered":"<p>L&#8217;alumnat de 5\u00e8 ha participat aquest curs en el projecte CuEmE d&#8217;emprenedoria. El 55% dels beneficis els han destinat a l&#8217;Associaci\u00f3 Contra el C\u00e0ncer i el 45% els han utilitzat per fer una sortida a la platja i al Salting. &hellip;  <a href=\"https:\/\/agora.xtec.cat\/esc-renaixencahostalets\/general\/les-cooperatives-fetes-realitat\/\" title=\"Read Les cooperatives fetes realitat!\">Llegeix m\u00e9s\u00bb<\/a><\/p>\n","protected":false},"author":26,"featured_media":20859,"comment_status":"closed","ping_status":"closed","sticky":false,"template":"","format":"standard","meta":{"_bbp_topic_count":0,"_bbp_reply_count":0,"_bbp_total_topic_count":0,"_bbp_total_reply_count":0,"_bbp_voice_count":0,"_bbp_anonymous_reply_count":0,"_bbp_topic_count_hidden":0,"_bbp_reply_count_hidden":0,"_bbp_forum_subforum_count":0,"footnotes":""},"categories":[1],"tags":[],"class_list":["post-20858","post","type-post","status-publish","format-standard","has-post-thumbnail","hentry","category-general"],"post_mailing_queue_ids":[],"_links":{"self":[{"href":"https:\/\/agora.xtec.cat\/esc-renaixencahostalets\/wp-json\/wp\/v2\/posts\/20858","targetHints":{"allow":["GET"]}}],"collection":[{"href":"https:\/\/agora.xtec.cat\/esc-renaixencahostalets\/wp-json\/wp\/v2\/posts"}],"about":[{"href":"https:\/\/agora.xtec.cat\/esc-renaixencahostalets\/wp-json\/wp\/v2\/types\/post"}],"author":[{"embeddable":true,"href":"https:\/\/agora.xtec.cat\/esc-renaixencahostalets\/wp-json\/wp\/v2\/users\/26"}],"replies":[{"embeddable":true,"href":"https:\/\/agora.xtec.cat\/esc-renaixencahostalets\/wp-json\/wp\/v2\/comments?post=20858"}],"version-history":[{"count":1,"href":"https:\/\/agora.xtec.cat\/esc-renaixencahostalets\/wp-json\/wp\/v2\/posts\/20858\/revisions"}],"predecessor-version":[{"id":20863,"href":"https:\/\/agora.xtec.cat\/esc-renaixencahostalets\/wp-json\/wp\/v2\/posts\/20858\/revisions\/20863"}],"wp:featuredmedia":[{"embeddable":true,"href":"https:\/\/agora.xtec.cat\/esc-renaixencahostalets\/wp-json\/wp\/v2\/media\/20859"}],"wp:attachment":[{"href":"https:\/\/agora.xtec.cat\/esc-renaixencahostalets\/wp-json\/wp\/v2\/media?parent=20858"}],"wp:term":[{"taxonomy":"category","embeddable":true,"href":"https:\/\/agora.xtec.cat\/esc-renaixencahostalets\/wp-json\/wp\/v2\/categories?post=20858"},{"taxonomy":"post_tag","embeddable":true,"href":"https:\/\/agora.xtec.cat\/esc-renaixencahostalets\/wp-json\/wp\/v2\/tags?post=20858"}],"curies":[{"name":"wp","href":"https:\/\/api.w.org\/{rel}","templated":true}]}}