{"id":20829,"date":"2023-06-04T13:43:23","date_gmt":"2023-06-04T11:43:23","guid":{"rendered":"https:\/\/agora.xtec.cat\/esc-renaixencahostalets\/?p=20829"},"modified":"2023-06-04T13:43:23","modified_gmt":"2023-06-04T11:43:23","slug":"torneig-dhandbol-de-6e","status":"publish","type":"post","link":"https:\/\/agora.xtec.cat\/esc-renaixencahostalets\/general\/torneig-dhandbol-de-6e\/","title":{"rendered":"Torneig d&#8217;handbol de 6\u00e8."},"content":{"rendered":"<p>El passat divendres 2 de juny l&#8217;alumnat de 6\u00e8 de l&#8217;IE Renaixen\u00e7a va participar en un torneig d&#8217;handbol amb la normativa adaptada que es va celebrar a Piera. A part dels quatre equips del nostre centre tamb\u00e9 hi van participar dos equips de l&#8217;EA Api\u00e0ria, sis equips de l&#8217;Escola Herois del Bruc, cinc equips de l&#8217;IE Piera i un equip de l&#8217;Escola Creix\u00e0. Un dels equips de l&#8217;IE Renaixen\u00e7a va arribar a jugar la final del torneig contra un dels equips de l&#8217;EA Api\u00e0ria. Finalment, als penals la vict\u00f2ria se la va emportar l&#8217;IE Renaixen\u00e7a.<\/p>\n<p>Aquesta trobada va anar molt b\u00e9 per e<span style=\"font-family: inherit; font-size: 1em;\">stablir vincles entre l\u2019alumnat dels diferents centres, g<\/span><span style=\"font-family: inherit; font-size: 1em;\">audir de la pr\u00e0ctica de l\u2019handbol, d<\/span><span style=\"font-family: inherit; font-size: 1em;\">esenvolupar habilitats motrius, d<\/span><span style=\"font-family: inherit; font-size: 1em;\">ur a terme joc net i c<\/span><span style=\"font-family: inherit; font-size: 1em;\">ooperar amb les i els altres durant els partits.<\/span><\/p>\n<p><img loading=\"lazy\" decoding=\"async\" class=\"aligncenter size-full wp-image-20830\" src=\"https:\/\/agora.xtec.cat\/esc-renaixencahostalets\/wp-content\/uploads\/usu1823\/2023\/06\/Torneig-dhandbol-1.png\" alt=\"\" width=\"940\" height=\"788\" srcset=\"https:\/\/agora.xtec.cat\/esc-renaixencahostalets\/wp-content\/uploads\/usu1823\/2023\/06\/Torneig-dhandbol-1.png 940w, https:\/\/agora.xtec.cat\/esc-renaixencahostalets\/wp-content\/uploads\/usu1823\/2023\/06\/Torneig-dhandbol-1-300x250.png 300w, https:\/\/agora.xtec.cat\/esc-renaixencahostalets\/wp-content\/uploads\/usu1823\/2023\/06\/Torneig-dhandbol-1-768x644.png 768w\" sizes=\"auto, (max-width: 940px) 100vw, 940px\" \/><\/p>\n","protected":false},"excerpt":{"rendered":"<p>El passat divendres 2 de juny l&#8217;alumnat de 6\u00e8 de l&#8217;IE Renaixen\u00e7a va participar en un torneig d&#8217;handbol amb la normativa adaptada que es va celebrar a Piera. Un dels equips de l&#8217;IE Renaixen\u00e7a va aconseguir guanyar el torneig.&hellip;  <a href=\"https:\/\/agora.xtec.cat\/esc-renaixencahostalets\/general\/torneig-dhandbol-de-6e\/\" title=\"Read Torneig d&#8217;handbol de 6\u00e8.\">Llegeix m\u00e9s\u00bb<\/a><\/p>\n","protected":false},"author":26,"featured_media":20831,"comment_status":"closed","ping_status":"closed","sticky":false,"template":"","format":"standard","meta":{"_bbp_topic_count":0,"_bbp_reply_count":0,"_bbp_total_topic_count":0,"_bbp_total_reply_count":0,"_bbp_voice_count":0,"_bbp_anonymous_reply_count":0,"_bbp_topic_count_hidden":0,"_bbp_reply_count_hidden":0,"_bbp_forum_subforum_count":0,"footnotes":""},"categories":[15,154,1],"tags":[],"class_list":["post-20829","post","type-post","status-publish","format-standard","has-post-thumbnail","hentry","category-6e","category-educacio-fisica","category-general"],"post_mailing_queue_ids":[],"_links":{"self":[{"href":"https:\/\/agora.xtec.cat\/esc-renaixencahostalets\/wp-json\/wp\/v2\/posts\/20829","targetHints":{"allow":["GET"]}}],"collection":[{"href":"https:\/\/agora.xtec.cat\/esc-renaixencahostalets\/wp-json\/wp\/v2\/posts"}],"about":[{"href":"https:\/\/agora.xtec.cat\/esc-renaixencahostalets\/wp-json\/wp\/v2\/types\/post"}],"author":[{"embeddable":true,"href":"https:\/\/agora.xtec.cat\/esc-renaixencahostalets\/wp-json\/wp\/v2\/users\/26"}],"replies":[{"embeddable":true,"href":"https:\/\/agora.xtec.cat\/esc-renaixencahostalets\/wp-json\/wp\/v2\/comments?post=20829"}],"version-history":[{"count":1,"href":"https:\/\/agora.xtec.cat\/esc-renaixencahostalets\/wp-json\/wp\/v2\/posts\/20829\/revisions"}],"predecessor-version":[{"id":20832,"href":"https:\/\/agora.xtec.cat\/esc-renaixencahostalets\/wp-json\/wp\/v2\/posts\/20829\/revisions\/20832"}],"wp:featuredmedia":[{"embeddable":true,"href":"https:\/\/agora.xtec.cat\/esc-renaixencahostalets\/wp-json\/wp\/v2\/media\/20831"}],"wp:attachment":[{"href":"https:\/\/agora.xtec.cat\/esc-renaixencahostalets\/wp-json\/wp\/v2\/media?parent=20829"}],"wp:term":[{"taxonomy":"category","embeddable":true,"href":"https:\/\/agora.xtec.cat\/esc-renaixencahostalets\/wp-json\/wp\/v2\/categories?post=20829"},{"taxonomy":"post_tag","embeddable":true,"href":"https:\/\/agora.xtec.cat\/esc-renaixencahostalets\/wp-json\/wp\/v2\/tags?post=20829"}],"curies":[{"name":"wp","href":"https:\/\/api.w.org\/{rel}","templated":true}]}}