{"id":20809,"date":"2023-05-30T20:03:25","date_gmt":"2023-05-30T18:03:25","guid":{"rendered":"https:\/\/agora.xtec.cat\/esc-renaixencahostalets\/?p=20809"},"modified":"2023-05-30T20:03:25","modified_gmt":"2023-05-30T18:03:25","slug":"exposomnis-2023","status":"publish","type":"post","link":"https:\/\/agora.xtec.cat\/esc-renaixencahostalets\/general\/exposomnis-2023\/","title":{"rendered":"Exposomnis 2023."},"content":{"rendered":"<p>Avui l&#8217;alumnat de 6\u00e8 ha fet una exposici\u00f3 amb les produccions que han creat a Espai dels somnis durant aquest curs 2022-23. L\u2019objectiu de l&#8217;Espai dels somnis \u00e9s fer realitat un somni. Per tant, \u00e9s diferent per cada alumne\/a perqu\u00e8 parteix dels interessos, motivacions, habilitats i il\u00b7lusions de l\u2019alumnat. Tot i que poden comptar amb la col\u00b7laboraci\u00f3 de mestres o familiars, essencialment han treballat de forma aut\u00f2noma durant l\u2019hora i mitja a la setmana. Si cliqueu al <a href=\"https:\/\/agora.xtec.cat\/esc-renaixencahostalets\/wp-content\/uploads\/usu1823\/2023\/04\/Triptic-espai-de-somnis.pdf\">Tr\u00edptic Exposomnis <\/a>trobareu una mica m\u00e9s d&#8217;informaci\u00f3.<\/p>\n<p>Les fam\u00edlies de l&#8217;alumnat de 6\u00e8, part de l&#8217;equip de mestres, l&#8217;alumnat de 3r, 4t i 5\u00e8 d&#8217;educaci\u00f3 prim\u00e0ria han quedat bocabadats i bocabadades amb les meravelloses produccions que la joventut de 6\u00e8 ha presentat!<\/p>\n<p><img loading=\"lazy\" decoding=\"async\" class=\"aligncenter size-full wp-image-20805\" src=\"https:\/\/agora.xtec.cat\/esc-renaixencahostalets\/wp-content\/uploads\/usu1823\/2023\/04\/Exposomnis-2023.jpg\" alt=\"\" width=\"2000\" height=\"1600\" srcset=\"https:\/\/agora.xtec.cat\/esc-renaixencahostalets\/wp-content\/uploads\/usu1823\/2023\/04\/Exposomnis-2023.jpg 2000w, https:\/\/agora.xtec.cat\/esc-renaixencahostalets\/wp-content\/uploads\/usu1823\/2023\/04\/Exposomnis-2023-300x240.jpg 300w, https:\/\/agora.xtec.cat\/esc-renaixencahostalets\/wp-content\/uploads\/usu1823\/2023\/04\/Exposomnis-2023-1024x819.jpg 1024w, https:\/\/agora.xtec.cat\/esc-renaixencahostalets\/wp-content\/uploads\/usu1823\/2023\/04\/Exposomnis-2023-768x614.jpg 768w, https:\/\/agora.xtec.cat\/esc-renaixencahostalets\/wp-content\/uploads\/usu1823\/2023\/04\/Exposomnis-2023-1536x1229.jpg 1536w\" sizes=\"auto, (max-width: 2000px) 100vw, 2000px\" \/><\/p>\n","protected":false},"excerpt":{"rendered":"<p>Avui l&#8217;alumnat de 6\u00e8 ha fet una exposici\u00f3 amb les produccions que han creat a Espai dels somnis durant aquest curs 2022-23. Les fam\u00edlies de l&#8217;alumnat de 6\u00e8, part de l&#8217;equip de mestres, l&#8217;alumnat de 3r, 4t i 5\u00e8 d&#8217;educaci\u00f3 prim\u00e0ria han quedat bocabadats i bocabadades amb les meravelloses produccions que la joventut de 6\u00e8 ha presentat!\u00a0\u00a0&hellip;  <a href=\"https:\/\/agora.xtec.cat\/esc-renaixencahostalets\/general\/exposomnis-2023\/\" title=\"Read Exposomnis 2023.\">Llegeix m\u00e9s\u00bb<\/a><\/p>\n","protected":false},"author":26,"featured_media":20804,"comment_status":"closed","ping_status":"closed","sticky":false,"template":"","format":"standard","meta":{"_bbp_topic_count":0,"_bbp_reply_count":0,"_bbp_total_topic_count":0,"_bbp_total_reply_count":0,"_bbp_voice_count":0,"_bbp_anonymous_reply_count":0,"_bbp_topic_count_hidden":0,"_bbp_reply_count_hidden":0,"_bbp_forum_subforum_count":0,"footnotes":""},"categories":[15,1],"tags":[],"class_list":["post-20809","post","type-post","status-publish","format-standard","has-post-thumbnail","hentry","category-6e","category-general"],"post_mailing_queue_ids":[],"_links":{"self":[{"href":"https:\/\/agora.xtec.cat\/esc-renaixencahostalets\/wp-json\/wp\/v2\/posts\/20809","targetHints":{"allow":["GET"]}}],"collection":[{"href":"https:\/\/agora.xtec.cat\/esc-renaixencahostalets\/wp-json\/wp\/v2\/posts"}],"about":[{"href":"https:\/\/agora.xtec.cat\/esc-renaixencahostalets\/wp-json\/wp\/v2\/types\/post"}],"author":[{"embeddable":true,"href":"https:\/\/agora.xtec.cat\/esc-renaixencahostalets\/wp-json\/wp\/v2\/users\/26"}],"replies":[{"embeddable":true,"href":"https:\/\/agora.xtec.cat\/esc-renaixencahostalets\/wp-json\/wp\/v2\/comments?post=20809"}],"version-history":[{"count":1,"href":"https:\/\/agora.xtec.cat\/esc-renaixencahostalets\/wp-json\/wp\/v2\/posts\/20809\/revisions"}],"predecessor-version":[{"id":20810,"href":"https:\/\/agora.xtec.cat\/esc-renaixencahostalets\/wp-json\/wp\/v2\/posts\/20809\/revisions\/20810"}],"wp:featuredmedia":[{"embeddable":true,"href":"https:\/\/agora.xtec.cat\/esc-renaixencahostalets\/wp-json\/wp\/v2\/media\/20804"}],"wp:attachment":[{"href":"https:\/\/agora.xtec.cat\/esc-renaixencahostalets\/wp-json\/wp\/v2\/media?parent=20809"}],"wp:term":[{"taxonomy":"category","embeddable":true,"href":"https:\/\/agora.xtec.cat\/esc-renaixencahostalets\/wp-json\/wp\/v2\/categories?post=20809"},{"taxonomy":"post_tag","embeddable":true,"href":"https:\/\/agora.xtec.cat\/esc-renaixencahostalets\/wp-json\/wp\/v2\/tags?post=20809"}],"curies":[{"name":"wp","href":"https:\/\/api.w.org\/{rel}","templated":true}]}}