{"id":20799,"date":"2023-05-30T18:43:14","date_gmt":"2023-05-30T16:43:14","guid":{"rendered":"https:\/\/agora.xtec.cat\/esc-renaixencahostalets\/?p=20799"},"modified":"2023-05-30T18:43:14","modified_gmt":"2023-05-30T16:43:14","slug":"colonies-de-6e-a-tamarit","status":"publish","type":"post","link":"https:\/\/agora.xtec.cat\/esc-renaixencahostalets\/general\/colonies-de-6e-a-tamarit\/","title":{"rendered":"Col\u00f2nies de 6\u00e8 a Tamarit."},"content":{"rendered":"<p>Dimecres 24, dijous 25 i divendres 26 de maig l&#8217;alumnat de 6\u00e8 de prim\u00e0ria ha anat de col\u00f2nies a Tamarit, al Tarragon\u00e8s. S&#8217;han allotjat al c\u00e0mping Trillas i han fet activitats f\u00edsiques diverses amb Esportec<span style=\"font-weight: 400;\"> en un entorn diferent de l\u2019habitual: el mar. <\/span>La climatologia no ha sigut del tot bona per\u00f2 l&#8217;alumnat s&#8217;ho ha passat d&#8217;all\u00f2 m\u00e9s b\u00e9. A m\u00e9s a m\u00e9s, aquesta experi\u00e8ncia ha servit per afavorir la cohesi\u00f3 de grup, per millorar les relacions intergrupals, per treballar l&#8217;esperit de superaci\u00f3 personal, per fomentar l&#8217;autonomia, per ser m\u00e9s responsables i per descobrir i gaudir d&#8217;un entorn mar\u00edtim.<\/p>\n<p><img loading=\"lazy\" decoding=\"async\" class=\"aligncenter size-full wp-image-20800\" src=\"https:\/\/agora.xtec.cat\/esc-renaixencahostalets\/wp-content\/uploads\/usu1823\/2023\/05\/Colonies-Tamarit-2023.jpg\" alt=\"\" width=\"2000\" height=\"1600\" srcset=\"https:\/\/agora.xtec.cat\/esc-renaixencahostalets\/wp-content\/uploads\/usu1823\/2023\/05\/Colonies-Tamarit-2023.jpg 2000w, https:\/\/agora.xtec.cat\/esc-renaixencahostalets\/wp-content\/uploads\/usu1823\/2023\/05\/Colonies-Tamarit-2023-300x240.jpg 300w, https:\/\/agora.xtec.cat\/esc-renaixencahostalets\/wp-content\/uploads\/usu1823\/2023\/05\/Colonies-Tamarit-2023-1024x819.jpg 1024w, https:\/\/agora.xtec.cat\/esc-renaixencahostalets\/wp-content\/uploads\/usu1823\/2023\/05\/Colonies-Tamarit-2023-768x614.jpg 768w, https:\/\/agora.xtec.cat\/esc-renaixencahostalets\/wp-content\/uploads\/usu1823\/2023\/05\/Colonies-Tamarit-2023-1536x1229.jpg 1536w\" sizes=\"auto, (max-width: 2000px) 100vw, 2000px\" \/><\/p>\n","protected":false},"excerpt":{"rendered":"<p>Dimecres 24, dijous 25 i divendres 26 de maig l&#8217;alumnat de 6\u00e8 de prim\u00e0ria ha anat de col\u00f2nies a Tamarit, al Tarragon\u00e8s. S&#8217;han allotjat al c\u00e0mping Trillas i han fet activitats f\u00edsiques diverses amb Esportec en un entorn diferent de l\u2019habitual: el mar.&hellip;  <a href=\"https:\/\/agora.xtec.cat\/esc-renaixencahostalets\/general\/colonies-de-6e-a-tamarit\/\" title=\"Read Col\u00f2nies de 6\u00e8 a Tamarit.\">Llegeix m\u00e9s\u00bb<\/a><\/p>\n","protected":false},"author":26,"featured_media":20801,"comment_status":"closed","ping_status":"closed","sticky":false,"template":"","format":"standard","meta":{"_bbp_topic_count":0,"_bbp_reply_count":0,"_bbp_total_topic_count":0,"_bbp_total_reply_count":0,"_bbp_voice_count":0,"_bbp_anonymous_reply_count":0,"_bbp_topic_count_hidden":0,"_bbp_reply_count_hidden":0,"_bbp_forum_subforum_count":0,"footnotes":""},"categories":[15,1],"tags":[],"class_list":["post-20799","post","type-post","status-publish","format-standard","has-post-thumbnail","hentry","category-6e","category-general"],"post_mailing_queue_ids":[],"_links":{"self":[{"href":"https:\/\/agora.xtec.cat\/esc-renaixencahostalets\/wp-json\/wp\/v2\/posts\/20799","targetHints":{"allow":["GET"]}}],"collection":[{"href":"https:\/\/agora.xtec.cat\/esc-renaixencahostalets\/wp-json\/wp\/v2\/posts"}],"about":[{"href":"https:\/\/agora.xtec.cat\/esc-renaixencahostalets\/wp-json\/wp\/v2\/types\/post"}],"author":[{"embeddable":true,"href":"https:\/\/agora.xtec.cat\/esc-renaixencahostalets\/wp-json\/wp\/v2\/users\/26"}],"replies":[{"embeddable":true,"href":"https:\/\/agora.xtec.cat\/esc-renaixencahostalets\/wp-json\/wp\/v2\/comments?post=20799"}],"version-history":[{"count":1,"href":"https:\/\/agora.xtec.cat\/esc-renaixencahostalets\/wp-json\/wp\/v2\/posts\/20799\/revisions"}],"predecessor-version":[{"id":20802,"href":"https:\/\/agora.xtec.cat\/esc-renaixencahostalets\/wp-json\/wp\/v2\/posts\/20799\/revisions\/20802"}],"wp:featuredmedia":[{"embeddable":true,"href":"https:\/\/agora.xtec.cat\/esc-renaixencahostalets\/wp-json\/wp\/v2\/media\/20801"}],"wp:attachment":[{"href":"https:\/\/agora.xtec.cat\/esc-renaixencahostalets\/wp-json\/wp\/v2\/media?parent=20799"}],"wp:term":[{"taxonomy":"category","embeddable":true,"href":"https:\/\/agora.xtec.cat\/esc-renaixencahostalets\/wp-json\/wp\/v2\/categories?post=20799"},{"taxonomy":"post_tag","embeddable":true,"href":"https:\/\/agora.xtec.cat\/esc-renaixencahostalets\/wp-json\/wp\/v2\/tags?post=20799"}],"curies":[{"name":"wp","href":"https:\/\/api.w.org\/{rel}","templated":true}]}}