{"id":20761,"date":"2023-05-17T19:17:02","date_gmt":"2023-05-17T17:17:02","guid":{"rendered":"https:\/\/agora.xtec.cat\/esc-renaixencahostalets\/?p=20761"},"modified":"2023-05-17T19:17:02","modified_gmt":"2023-05-17T17:17:02","slug":"actuacio-de-falcons-2","status":"publish","type":"post","link":"https:\/\/agora.xtec.cat\/esc-renaixencahostalets\/general\/actuacio-de-falcons-2\/","title":{"rendered":"Actuaci\u00f3 de falcons."},"content":{"rendered":"<p>Aquest migdia l\u2019alumnat de 3r i 5\u00e8 d&#8217;educaci\u00f3 prim\u00e0ria ha dut a terme una actuaci\u00f3 de Falcons a la pista del pati de l\u2019Institut Escola Renaixen\u00e7a. Aquesta activitat ha sigut la culminaci\u00f3 d\u2019un seguit de sessions d\u2019educaci\u00f3 f\u00edsica en les que l\u2019alumnat ha practicat figures de falcons amb l\u2019ajuda i la col\u00b7laboraci\u00f3 de diverses persones dels Falcons de Piera. D\u2019aquesta manera, l\u2019alumnat ha pogut treballar l&#8217;equilibri, la confian\u00e7a en un\/a mateix\/a, l&#8217;esperit de superaci\u00f3, les normes b\u00e0siques de seguretat, la solidaritat, la cooperaci\u00f3, el respecte i la capacitat d&#8217;organitzaci\u00f3. Cada grup ha muntat tres figures. Tant l&#8217;alumnat que s&#8217;ha convertit en falc\u00f3 durant uns minuts com tot el p\u00fablic (les fam\u00edlies de l\u2019alumnat que ha dut a terme l\u2019actuaci\u00f3, la resta d\u2019alumnat i l&#8217;equip docent del centre<span style=\"font-family: inherit; font-size: 1em;\">) que ha presenciat aquesta actuaci\u00f3 han gaudit, han aplaudit fort i han estat d&#8217;acord que les figures han sortit molt b\u00e9.\u00a0<\/span><\/p>\n<p><img loading=\"lazy\" decoding=\"async\" class=\"aligncenter size-full wp-image-20762\" src=\"https:\/\/agora.xtec.cat\/esc-renaixencahostalets\/wp-content\/uploads\/usu1823\/2023\/05\/Actuacio-falcons_2023.jpg\" alt=\"\" width=\"1748\" height=\"1240\" srcset=\"https:\/\/agora.xtec.cat\/esc-renaixencahostalets\/wp-content\/uploads\/usu1823\/2023\/05\/Actuacio-falcons_2023.jpg 1748w, https:\/\/agora.xtec.cat\/esc-renaixencahostalets\/wp-content\/uploads\/usu1823\/2023\/05\/Actuacio-falcons_2023-300x213.jpg 300w, https:\/\/agora.xtec.cat\/esc-renaixencahostalets\/wp-content\/uploads\/usu1823\/2023\/05\/Actuacio-falcons_2023-1024x726.jpg 1024w, https:\/\/agora.xtec.cat\/esc-renaixencahostalets\/wp-content\/uploads\/usu1823\/2023\/05\/Actuacio-falcons_2023-768x545.jpg 768w, https:\/\/agora.xtec.cat\/esc-renaixencahostalets\/wp-content\/uploads\/usu1823\/2023\/05\/Actuacio-falcons_2023-1536x1090.jpg 1536w\" sizes=\"auto, (max-width: 1748px) 100vw, 1748px\" \/><\/p>\n","protected":false},"excerpt":{"rendered":"<p>Aquest migdia l\u2019alumnat de 3r i 5\u00e8 d&#8217;educaci\u00f3 prim\u00e0ria ha dut a terme una actuaci\u00f3 de Falcons a la pista del pati de l\u2019Institut Escola Renaixen\u00e7a. Aquesta activitat ha sigut la culminaci\u00f3 d\u2019un seguit de sessions d\u2019educaci\u00f3 f\u00edsica en les que l\u2019alumnat ha practicat figures de falcons.&hellip;  <a href=\"https:\/\/agora.xtec.cat\/esc-renaixencahostalets\/general\/actuacio-de-falcons-2\/\" title=\"Read Actuaci\u00f3 de falcons.\">Llegeix m\u00e9s\u00bb<\/a><\/p>\n","protected":false},"author":26,"featured_media":20762,"comment_status":"closed","ping_status":"closed","sticky":false,"template":"","format":"standard","meta":{"_bbp_topic_count":0,"_bbp_reply_count":0,"_bbp_total_topic_count":0,"_bbp_total_reply_count":0,"_bbp_voice_count":0,"_bbp_anonymous_reply_count":0,"_bbp_topic_count_hidden":0,"_bbp_reply_count_hidden":0,"_bbp_forum_subforum_count":0,"footnotes":""},"categories":[154,1],"tags":[],"class_list":["post-20761","post","type-post","status-publish","format-standard","has-post-thumbnail","hentry","category-educacio-fisica","category-general"],"post_mailing_queue_ids":[],"_links":{"self":[{"href":"https:\/\/agora.xtec.cat\/esc-renaixencahostalets\/wp-json\/wp\/v2\/posts\/20761","targetHints":{"allow":["GET"]}}],"collection":[{"href":"https:\/\/agora.xtec.cat\/esc-renaixencahostalets\/wp-json\/wp\/v2\/posts"}],"about":[{"href":"https:\/\/agora.xtec.cat\/esc-renaixencahostalets\/wp-json\/wp\/v2\/types\/post"}],"author":[{"embeddable":true,"href":"https:\/\/agora.xtec.cat\/esc-renaixencahostalets\/wp-json\/wp\/v2\/users\/26"}],"replies":[{"embeddable":true,"href":"https:\/\/agora.xtec.cat\/esc-renaixencahostalets\/wp-json\/wp\/v2\/comments?post=20761"}],"version-history":[{"count":1,"href":"https:\/\/agora.xtec.cat\/esc-renaixencahostalets\/wp-json\/wp\/v2\/posts\/20761\/revisions"}],"predecessor-version":[{"id":20763,"href":"https:\/\/agora.xtec.cat\/esc-renaixencahostalets\/wp-json\/wp\/v2\/posts\/20761\/revisions\/20763"}],"wp:featuredmedia":[{"embeddable":true,"href":"https:\/\/agora.xtec.cat\/esc-renaixencahostalets\/wp-json\/wp\/v2\/media\/20762"}],"wp:attachment":[{"href":"https:\/\/agora.xtec.cat\/esc-renaixencahostalets\/wp-json\/wp\/v2\/media?parent=20761"}],"wp:term":[{"taxonomy":"category","embeddable":true,"href":"https:\/\/agora.xtec.cat\/esc-renaixencahostalets\/wp-json\/wp\/v2\/categories?post=20761"},{"taxonomy":"post_tag","embeddable":true,"href":"https:\/\/agora.xtec.cat\/esc-renaixencahostalets\/wp-json\/wp\/v2\/tags?post=20761"}],"curies":[{"name":"wp","href":"https:\/\/api.w.org\/{rel}","templated":true}]}}