{"id":20727,"date":"2023-05-04T10:15:15","date_gmt":"2023-05-04T08:15:15","guid":{"rendered":"https:\/\/agora.xtec.cat\/esc-renaixencahostalets\/?p=20727"},"modified":"2023-06-10T17:18:20","modified_gmt":"2023-06-10T15:18:20","slug":"ajuts-individuals-de-menjador-2023-24","status":"publish","type":"post","link":"https:\/\/agora.xtec.cat\/esc-renaixencahostalets\/general\/ajuts-individuals-de-menjador-2023-24\/","title":{"rendered":"Ajuts individuals de menjador 2023\/24"},"content":{"rendered":"<p><a href=\"https:\/\/agora.xtec.cat\/esc-renaixencahostalets\/wp-content\/uploads\/usu1823\/2020\/02\/bol-fruita.jpg\"><img loading=\"lazy\" decoding=\"async\" class=\"alignnone size-full wp-image-6434\" src=\"https:\/\/agora.xtec.cat\/esc-renaixencahostalets\/wp-content\/uploads\/usu1823\/2020\/02\/bol-fruita.jpg\" alt=\"\" width=\"225\" height=\"225\" srcset=\"https:\/\/agora.xtec.cat\/esc-renaixencahostalets\/wp-content\/uploads\/usu1823\/2020\/02\/bol-fruita.jpg 225w, https:\/\/agora.xtec.cat\/esc-renaixencahostalets\/wp-content\/uploads\/usu1823\/2020\/02\/bol-fruita-150x150.jpg 150w\" sizes=\"auto, (max-width: 225px) 100vw, 225px\" \/><\/a><a href=\"https:\/\/agora.xtec.cat\/esc-renaixencahostalets\/wp-content\/uploads\/usu1823\/2023\/05\/baixa.png\"><img loading=\"lazy\" decoding=\"async\" class=\"alignnone wp-image-20728\" src=\"https:\/\/agora.xtec.cat\/esc-renaixencahostalets\/wp-content\/uploads\/usu1823\/2023\/05\/baixa.png\" alt=\"\" width=\"202\" height=\"71\" srcset=\"https:\/\/agora.xtec.cat\/esc-renaixencahostalets\/wp-content\/uploads\/usu1823\/2023\/05\/baixa.png 379w, https:\/\/agora.xtec.cat\/esc-renaixencahostalets\/wp-content\/uploads\/usu1823\/2023\/05\/baixa-300x105.png 300w\" sizes=\"auto, (max-width: 202px) 100vw, 202px\" \/><\/a><\/p>\n<p>Us informem que s&#8217;ha obert el pla\u00e7 per la presentaci\u00f3 dels ajuts de menjador pel curs 2023\/24.<\/p>\n<p><strong>Termini<\/strong>: a partir del dia 8 de maig fins el dia 31 de maig<\/p>\n<p><strong>Enlla\u00e7 per fer-la<\/strong>: <a href=\"https:\/\/www.anoia.cat\/departaments\/ensenyament\/ajuts-individuals-de-menjador\/\" target=\"_blank\" rel=\"noopener\" data-saferedirecturl=\"https:\/\/www.google.com\/url?hl=ca&amp;q=https:\/\/www.anoia.cat\/departaments\/ensenyament\/ajuts-individuals-de-menjador\/&amp;source=gmail&amp;ust=1683269936370000&amp;usg=AOvVaw1y6M1va-iqjLpi-ZvalO7p\">https:\/\/www.anoia.cat\/<wbr \/>departaments\/ensenyament\/<wbr \/>ajuts-individuals-de-menjador\/<\/a><wbr \/>\u00a0\u00a0on tamb\u00e9 hi ha la guia per tramitar-les.<\/p>\n<p><strong>Bases de la convocat\u00f2ria: <a href=\"https:\/\/agora.xtec.cat\/esc-renaixencahostalets\/wp-content\/uploads\/usu1823\/2023\/05\/BASES-AIM-CURS-23-24.pdf\" target=\"_blank\" rel=\"noopener\">BASES AIM CURS 23-24<\/a><\/strong><\/p>\n<p><strong>Dubtes<\/strong>: podeu trucar al tel\u00e8fon 93 805 15 85 (extensi\u00f3 323-325) del Consell Comarcal o b\u00e9 a la secretaria del centre (937712135)<\/p>\n<p><strong>Llistes definitives<\/strong>: es notificaran a primers de <u>setembre<\/u>\u00a0per aquells expedients que s\u2019hagin pogut resoldre mitjan\u00e7ant\u00a0\u00a0correu electr\u00f2nic a les fam\u00edlies<\/p>\n<p>&nbsp;<\/p>\n","protected":false},"excerpt":{"rendered":"<p><a href=\"https:\/\/agora.xtec.cat\/esc-renaixencahostalets\/wp-content\/uploads\/usu1823\/2020\/02\/bol-fruita.jpg\"><\/a><a href=\"https:\/\/agora.xtec.cat\/esc-renaixencahostalets\/wp-content\/uploads\/usu1823\/2023\/05\/baixa.png\"><\/a><br \/>\nUs informem que s&#8217;ha obert el pla\u00e7 per la presentaci\u00f3 dels ajuts de menjador pel curs 2023\/24.<br \/>\nTermini: a partir del dia 8 de maig fins el dia 31 de maig<br \/>\nEnlla\u00e7 per fer-la: <a href=\"https:\/\/www.anoia.cat\/departaments\/ensenyament\/ajuts-individuals-de-menjador\/\" target=\"_blank\" rel=\"noopener\" data-saferedirecturl=\"https:\/\/www.google.com\/url?hl=ca&amp;q=https:\/\/www.anoia.cat\/departaments\/ensenyament\/ajuts-individuals-de-menjador\/&amp;source=gmail&amp;ust=1683269936370000&amp;usg=AOvVaw1y6M1va-iqjLpi-ZvalO7p\">https:\/\/www.anoia.cat\/departaments\/ensenyament\/ajuts-individuals-de-menjador\/<\/a>\u00a0\u00a0on tamb\u00e9 hi ha la guia per&hellip;  <a href=\"https:\/\/agora.xtec.cat\/esc-renaixencahostalets\/general\/ajuts-individuals-de-menjador-2023-24\/\" title=\"Read Ajuts individuals de menjador 2023\/24\">Llegeix m\u00e9s\u00bb<\/a><\/p>\n","protected":false},"author":5,"featured_media":6434,"comment_status":"closed","ping_status":"closed","sticky":false,"template":"","format":"standard","meta":{"_bbp_topic_count":0,"_bbp_reply_count":0,"_bbp_total_topic_count":0,"_bbp_total_reply_count":0,"_bbp_voice_count":0,"_bbp_anonymous_reply_count":0,"_bbp_topic_count_hidden":0,"_bbp_reply_count_hidden":0,"_bbp_forum_subforum_count":0,"footnotes":""},"categories":[104,1],"tags":[],"class_list":["post-20727","post","type-post","status-publish","format-standard","has-post-thumbnail","hentry","category-beques","category-general"],"post_mailing_queue_ids":[],"_links":{"self":[{"href":"https:\/\/agora.xtec.cat\/esc-renaixencahostalets\/wp-json\/wp\/v2\/posts\/20727","targetHints":{"allow":["GET"]}}],"collection":[{"href":"https:\/\/agora.xtec.cat\/esc-renaixencahostalets\/wp-json\/wp\/v2\/posts"}],"about":[{"href":"https:\/\/agora.xtec.cat\/esc-renaixencahostalets\/wp-json\/wp\/v2\/types\/post"}],"author":[{"embeddable":true,"href":"https:\/\/agora.xtec.cat\/esc-renaixencahostalets\/wp-json\/wp\/v2\/users\/5"}],"replies":[{"embeddable":true,"href":"https:\/\/agora.xtec.cat\/esc-renaixencahostalets\/wp-json\/wp\/v2\/comments?post=20727"}],"version-history":[{"count":3,"href":"https:\/\/agora.xtec.cat\/esc-renaixencahostalets\/wp-json\/wp\/v2\/posts\/20727\/revisions"}],"predecessor-version":[{"id":20733,"href":"https:\/\/agora.xtec.cat\/esc-renaixencahostalets\/wp-json\/wp\/v2\/posts\/20727\/revisions\/20733"}],"wp:featuredmedia":[{"embeddable":true,"href":"https:\/\/agora.xtec.cat\/esc-renaixencahostalets\/wp-json\/wp\/v2\/media\/6434"}],"wp:attachment":[{"href":"https:\/\/agora.xtec.cat\/esc-renaixencahostalets\/wp-json\/wp\/v2\/media?parent=20727"}],"wp:term":[{"taxonomy":"category","embeddable":true,"href":"https:\/\/agora.xtec.cat\/esc-renaixencahostalets\/wp-json\/wp\/v2\/categories?post=20727"},{"taxonomy":"post_tag","embeddable":true,"href":"https:\/\/agora.xtec.cat\/esc-renaixencahostalets\/wp-json\/wp\/v2\/tags?post=20727"}],"curies":[{"name":"wp","href":"https:\/\/api.w.org\/{rel}","templated":true}]}}