{"id":20626,"date":"2023-03-29T21:29:11","date_gmt":"2023-03-29T19:29:11","guid":{"rendered":"https:\/\/agora.xtec.cat\/esc-renaixencahostalets\/?p=20626"},"modified":"2023-03-29T21:29:11","modified_gmt":"2023-03-29T19:29:11","slug":"orientacio-pel-bosc-de-can-valls","status":"publish","type":"post","link":"https:\/\/agora.xtec.cat\/esc-renaixencahostalets\/general\/orientacio-pel-bosc-de-can-valls\/","title":{"rendered":"Orientaci\u00f3 pel bosc de Can Valls."},"content":{"rendered":"<p>Avui l&#8217;alumnat de 3r ha fet una cursa d&#8217;orientaci\u00f3 utilitzant un mapa per convertir-se en uns grans exploradors i exploradores despr\u00e9s de trobar 10 fites pel bosc de Can Valls. Ahir ho va fer l&#8217;alumnat de 5\u00e8 amb un mapa i una br\u00faixola per aconseguir trobar 12 fites amb el m\u00ednim de temps possible. Respecte, treball en equip, companyonia, amistat, esfor\u00e7 i cooperaci\u00f3 s\u00f3n algunes de les paraules que els i les alumnes han considerat que defineixen els valors que han posat en pr\u00e0ctica en aquesta activitat final. A m\u00e9s a m\u00e9s, ha servit per dotar de sentit tot el que s&#8217;ha treballat des de l&#8217;\u00e0rea d&#8217;educaci\u00f3 f\u00edsica aquest mes de mar\u00e7.<\/p>\n<p><img loading=\"lazy\" decoding=\"async\" class=\"aligncenter size-full wp-image-20627\" src=\"https:\/\/agora.xtec.cat\/esc-renaixencahostalets\/wp-content\/uploads\/usu1823\/2023\/03\/Orientacio.jpg\" alt=\"\" width=\"956\" height=\"537\" srcset=\"https:\/\/agora.xtec.cat\/esc-renaixencahostalets\/wp-content\/uploads\/usu1823\/2023\/03\/Orientacio.jpg 956w, https:\/\/agora.xtec.cat\/esc-renaixencahostalets\/wp-content\/uploads\/usu1823\/2023\/03\/Orientacio-300x169.jpg 300w, https:\/\/agora.xtec.cat\/esc-renaixencahostalets\/wp-content\/uploads\/usu1823\/2023\/03\/Orientacio-768x431.jpg 768w\" sizes=\"auto, (max-width: 956px) 100vw, 956px\" \/><\/p>\n","protected":false},"excerpt":{"rendered":"<p>Ahir l&#8217;alumnat de 5\u00e8 i avui l&#8217;alumnat de 3r ha fet una sortida al bosc de Can Valls per fer una activitat d&#8217;orientaci\u00f3. Ha aconseguit completar tot el recorregut trobant molt\u00edssimes fites!&hellip;  <a href=\"https:\/\/agora.xtec.cat\/esc-renaixencahostalets\/general\/orientacio-pel-bosc-de-can-valls\/\" title=\"Read Orientaci\u00f3 pel bosc de Can Valls.\">Llegeix m\u00e9s\u00bb<\/a><\/p>\n","protected":false},"author":26,"featured_media":20627,"comment_status":"closed","ping_status":"closed","sticky":false,"template":"","format":"standard","meta":{"_bbp_topic_count":0,"_bbp_reply_count":0,"_bbp_total_topic_count":0,"_bbp_total_reply_count":0,"_bbp_voice_count":0,"_bbp_anonymous_reply_count":0,"_bbp_topic_count_hidden":0,"_bbp_reply_count_hidden":0,"_bbp_forum_subforum_count":0,"footnotes":""},"categories":[12,14,154,1],"tags":[],"class_list":["post-20626","post","type-post","status-publish","format-standard","has-post-thumbnail","hentry","category-3r","category-5e","category-educacio-fisica","category-general"],"post_mailing_queue_ids":[],"_links":{"self":[{"href":"https:\/\/agora.xtec.cat\/esc-renaixencahostalets\/wp-json\/wp\/v2\/posts\/20626","targetHints":{"allow":["GET"]}}],"collection":[{"href":"https:\/\/agora.xtec.cat\/esc-renaixencahostalets\/wp-json\/wp\/v2\/posts"}],"about":[{"href":"https:\/\/agora.xtec.cat\/esc-renaixencahostalets\/wp-json\/wp\/v2\/types\/post"}],"author":[{"embeddable":true,"href":"https:\/\/agora.xtec.cat\/esc-renaixencahostalets\/wp-json\/wp\/v2\/users\/26"}],"replies":[{"embeddable":true,"href":"https:\/\/agora.xtec.cat\/esc-renaixencahostalets\/wp-json\/wp\/v2\/comments?post=20626"}],"version-history":[{"count":1,"href":"https:\/\/agora.xtec.cat\/esc-renaixencahostalets\/wp-json\/wp\/v2\/posts\/20626\/revisions"}],"predecessor-version":[{"id":20628,"href":"https:\/\/agora.xtec.cat\/esc-renaixencahostalets\/wp-json\/wp\/v2\/posts\/20626\/revisions\/20628"}],"wp:featuredmedia":[{"embeddable":true,"href":"https:\/\/agora.xtec.cat\/esc-renaixencahostalets\/wp-json\/wp\/v2\/media\/20627"}],"wp:attachment":[{"href":"https:\/\/agora.xtec.cat\/esc-renaixencahostalets\/wp-json\/wp\/v2\/media?parent=20626"}],"wp:term":[{"taxonomy":"category","embeddable":true,"href":"https:\/\/agora.xtec.cat\/esc-renaixencahostalets\/wp-json\/wp\/v2\/categories?post=20626"},{"taxonomy":"post_tag","embeddable":true,"href":"https:\/\/agora.xtec.cat\/esc-renaixencahostalets\/wp-json\/wp\/v2\/tags?post=20626"}],"curies":[{"name":"wp","href":"https:\/\/api.w.org\/{rel}","templated":true}]}}