{"id":20580,"date":"2023-03-22T12:19:57","date_gmt":"2023-03-22T11:19:57","guid":{"rendered":"https:\/\/agora.xtec.cat\/esc-renaixencahostalets\/?p=20580"},"modified":"2023-03-22T12:19:57","modified_gmt":"2023-03-22T11:19:57","slug":"colonies-a-can-bajona","status":"publish","type":"post","link":"https:\/\/agora.xtec.cat\/esc-renaixencahostalets\/general\/colonies-a-can-bajona\/","title":{"rendered":"Col\u00f2nies a Can Bajona."},"content":{"rendered":"<p>Dilluns 20, dimarts 21 i dimecres 22 de mar\u00e7 l&#8217;alumnat de 2n i 4t de prim\u00e0ria ha anat de col\u00f2nies a Can Bajona, al Solson\u00e8s. Ha sigut una experi\u00e8ncia fant\u00e0stica i molt enriquidora. L&#8217;alumnat s&#8217;ha engrescat de valent amb les activitats i la climatologia ha sigut molt bona.<\/p>\n<p>Per una banda, els infants de 2n de prim\u00e0ria han seguit el fil conductor <strong>Fent l&#8217;indi<\/strong>. Han fet una volta amb carruatge, han visitat els animals de la granja, han treballat en un hort, han escoltat llegendes dels minairons, han fet coques de vidre i moltes activitats m\u00e9s! Per altra banda, els nens i les nenes de 4t han seguit el fil conductor titulat <strong>Cinema<\/strong>. Han fet un <em>talent show<\/em>, han fet un gran c\u00e0sting, han gravat anuncis, han fet una volta amb carruatge, han visitat els animals de la granja, han visitat una mina de coure i un grapat d&#8217;activitats\u00a0m\u00e9s!<\/p>\n<p><img loading=\"lazy\" decoding=\"async\" class=\"aligncenter size-medium wp-image-20581\" src=\"https:\/\/agora.xtec.cat\/esc-renaixencahostalets\/wp-content\/uploads\/usu1823\/2023\/03\/Colonies-a-Can-Bajona-300x240.jpg\" alt=\"\" width=\"300\" height=\"240\" srcset=\"https:\/\/agora.xtec.cat\/esc-renaixencahostalets\/wp-content\/uploads\/usu1823\/2023\/03\/Colonies-a-Can-Bajona-300x240.jpg 300w, https:\/\/agora.xtec.cat\/esc-renaixencahostalets\/wp-content\/uploads\/usu1823\/2023\/03\/Colonies-a-Can-Bajona-1024x819.jpg 1024w, https:\/\/agora.xtec.cat\/esc-renaixencahostalets\/wp-content\/uploads\/usu1823\/2023\/03\/Colonies-a-Can-Bajona-768x614.jpg 768w, https:\/\/agora.xtec.cat\/esc-renaixencahostalets\/wp-content\/uploads\/usu1823\/2023\/03\/Colonies-a-Can-Bajona-1536x1229.jpg 1536w, https:\/\/agora.xtec.cat\/esc-renaixencahostalets\/wp-content\/uploads\/usu1823\/2023\/03\/Colonies-a-Can-Bajona.jpg 2000w\" sizes=\"auto, (max-width: 300px) 100vw, 300px\" \/><\/p>\n","protected":false},"excerpt":{"rendered":"<p>L&#8217;alumnat de 2n i 4t de prim\u00e0ria ha anat de col\u00f2nies a Can Bajona, al Solson\u00e8s.&hellip;  <a href=\"https:\/\/agora.xtec.cat\/esc-renaixencahostalets\/general\/colonies-a-can-bajona\/\" title=\"Read Col\u00f2nies a Can Bajona.\">Llegeix m\u00e9s\u00bb<\/a><\/p>\n","protected":false},"author":26,"featured_media":20581,"comment_status":"closed","ping_status":"closed","sticky":false,"template":"","format":"standard","meta":{"_bbp_topic_count":0,"_bbp_reply_count":0,"_bbp_total_topic_count":0,"_bbp_total_reply_count":0,"_bbp_voice_count":0,"_bbp_anonymous_reply_count":0,"_bbp_topic_count_hidden":0,"_bbp_reply_count_hidden":0,"_bbp_forum_subforum_count":0,"footnotes":""},"categories":[11,13,1],"tags":[],"class_list":["post-20580","post","type-post","status-publish","format-standard","has-post-thumbnail","hentry","category-2n","category-4t","category-general"],"post_mailing_queue_ids":[],"_links":{"self":[{"href":"https:\/\/agora.xtec.cat\/esc-renaixencahostalets\/wp-json\/wp\/v2\/posts\/20580","targetHints":{"allow":["GET"]}}],"collection":[{"href":"https:\/\/agora.xtec.cat\/esc-renaixencahostalets\/wp-json\/wp\/v2\/posts"}],"about":[{"href":"https:\/\/agora.xtec.cat\/esc-renaixencahostalets\/wp-json\/wp\/v2\/types\/post"}],"author":[{"embeddable":true,"href":"https:\/\/agora.xtec.cat\/esc-renaixencahostalets\/wp-json\/wp\/v2\/users\/26"}],"replies":[{"embeddable":true,"href":"https:\/\/agora.xtec.cat\/esc-renaixencahostalets\/wp-json\/wp\/v2\/comments?post=20580"}],"version-history":[{"count":1,"href":"https:\/\/agora.xtec.cat\/esc-renaixencahostalets\/wp-json\/wp\/v2\/posts\/20580\/revisions"}],"predecessor-version":[{"id":20582,"href":"https:\/\/agora.xtec.cat\/esc-renaixencahostalets\/wp-json\/wp\/v2\/posts\/20580\/revisions\/20582"}],"wp:featuredmedia":[{"embeddable":true,"href":"https:\/\/agora.xtec.cat\/esc-renaixencahostalets\/wp-json\/wp\/v2\/media\/20581"}],"wp:attachment":[{"href":"https:\/\/agora.xtec.cat\/esc-renaixencahostalets\/wp-json\/wp\/v2\/media?parent=20580"}],"wp:term":[{"taxonomy":"category","embeddable":true,"href":"https:\/\/agora.xtec.cat\/esc-renaixencahostalets\/wp-json\/wp\/v2\/categories?post=20580"},{"taxonomy":"post_tag","embeddable":true,"href":"https:\/\/agora.xtec.cat\/esc-renaixencahostalets\/wp-json\/wp\/v2\/tags?post=20580"}],"curies":[{"name":"wp","href":"https:\/\/api.w.org\/{rel}","templated":true}]}}