{"id":20536,"date":"2023-03-08T20:07:01","date_gmt":"2023-03-08T19:07:01","guid":{"rendered":"https:\/\/agora.xtec.cat\/esc-renaixencahostalets\/?p=20536"},"modified":"2023-03-08T20:10:02","modified_gmt":"2023-03-08T19:10:02","slug":"activitats-coeducatives-pel-8m","status":"publish","type":"post","link":"https:\/\/agora.xtec.cat\/esc-renaixencahostalets\/general\/activitats-coeducatives-pel-8m\/","title":{"rendered":"Activitats coeducatives pel 8M."},"content":{"rendered":"<p>Dia a dia treballem la coeducaci\u00f3 a les aules. Aix\u00ed i tot, avui que \u00e9s 8 de mar\u00e7 tot l&#8217;alumnat i equip docent del centre hem celebrat el Dia Internacional de les Dones fent les seg\u00fcents activitats:<\/p>\n<ul>\n<li>L&#8217;alumnat d&#8217;educaci\u00f3 infantil ha estampat les seves pr\u00f2pies mans amb pintura lila. S&#8217;han penjat a l&#8217;entrada del centre.<\/li>\n<li>L&#8217;alumnat d&#8217;educaci\u00f3 prim\u00e0ria ha completat una cartolina amb el nom d&#8217;una dona important per ells\/es i n&#8217;ha explicat el perqu\u00e8. S&#8217;han col\u00b7locat a l\u2019entrada del centre.<\/li>\n<li>L\u2019alumnat d\u2019ESO ha fet una activitat per p<span style=\"font-weight: 400;\">rendre consci\u00e8ncia de les desigualtats existents en el repartiment de tasques entre dones i homes i per c<\/span><span style=\"font-weight: 400;\">on\u00e8ixer qu\u00e8 \u00e9s la interseccionalitat. Tamb\u00e9 ha p<\/span><span style=\"font-weight: 400;\">ensat una campanya per revertir aquestes desigualtats i visibilitzar el treball reproductiu. Finalment, ha creat pancartes amb els esl\u00f2gans per visibilitzar les dones que s&#8217;han situat a l&#8217;entrada del centre.\u00a0<\/span><\/li>\n<li>La tem\u00e0tica del \u201cBon dia\u201d d\u2019aquesta setmana ha estat relacionada amb el 8M.<\/li>\n<li>Tot l&#8217;alumnat d&#8217;educaci\u00f3 infantil i prim\u00e0ria ha gaudit amb les maletes &#8220;Coeduquem-nos&#8221; del CRP Anoia que contenen jocs i llibres relacionats amb la coeducaci\u00f3 i que ja fa dies que anem treballant a les aules.<\/li>\n<li>El Claustre ha rebut una petita l\u00e0mina relacionada amb el 8M creada per la Meli.<\/li>\n<\/ul>\n<p><img loading=\"lazy\" decoding=\"async\" class=\"aligncenter size-medium wp-image-20540\" src=\"https:\/\/agora.xtec.cat\/esc-renaixencahostalets\/wp-content\/uploads\/usu1823\/2023\/03\/8M-2023-221x300.jpg\" alt=\"\" width=\"221\" height=\"300\" srcset=\"https:\/\/agora.xtec.cat\/esc-renaixencahostalets\/wp-content\/uploads\/usu1823\/2023\/03\/8M-2023-221x300.jpg 221w, https:\/\/agora.xtec.cat\/esc-renaixencahostalets\/wp-content\/uploads\/usu1823\/2023\/03\/8M-2023.jpg 606w\" sizes=\"auto, (max-width: 221px) 100vw, 221px\" \/><\/p>\n<p><a href=\"https:\/\/agora.xtec.cat\/esc-renaixencahostalets\/wp-content\/uploads\/usu1823\/2023\/03\/Activitats-8M-2023.jpg\">AQU\u00cd<\/a> hi trobareu un resum de tot el que us hem explicat.<\/p>\n","protected":false},"excerpt":{"rendered":"<p>Dia a dia treballem la coeducaci\u00f3 a les aules. Aix\u00ed i tot, avui que \u00e9s 8 de mar\u00e7 tot l&#8217;alumnat i equip docent del centre hem celebrat el Dia Internacional de les Dones fent diverses activitats.&hellip;  <a href=\"https:\/\/agora.xtec.cat\/esc-renaixencahostalets\/general\/activitats-coeducatives-pel-8m\/\" title=\"Read Activitats coeducatives pel 8M.\">Llegeix m\u00e9s\u00bb<\/a><\/p>\n","protected":false},"author":26,"featured_media":20538,"comment_status":"closed","ping_status":"closed","sticky":false,"template":"","format":"standard","meta":{"_bbp_topic_count":0,"_bbp_reply_count":0,"_bbp_total_topic_count":0,"_bbp_total_reply_count":0,"_bbp_voice_count":0,"_bbp_anonymous_reply_count":0,"_bbp_topic_count_hidden":0,"_bbp_reply_count_hidden":0,"_bbp_forum_subforum_count":0,"footnotes":""},"categories":[140,1],"tags":[],"class_list":["post-20536","post","type-post","status-publish","format-standard","has-post-thumbnail","hentry","category-coeducacio","category-general"],"post_mailing_queue_ids":[],"_links":{"self":[{"href":"https:\/\/agora.xtec.cat\/esc-renaixencahostalets\/wp-json\/wp\/v2\/posts\/20536","targetHints":{"allow":["GET"]}}],"collection":[{"href":"https:\/\/agora.xtec.cat\/esc-renaixencahostalets\/wp-json\/wp\/v2\/posts"}],"about":[{"href":"https:\/\/agora.xtec.cat\/esc-renaixencahostalets\/wp-json\/wp\/v2\/types\/post"}],"author":[{"embeddable":true,"href":"https:\/\/agora.xtec.cat\/esc-renaixencahostalets\/wp-json\/wp\/v2\/users\/26"}],"replies":[{"embeddable":true,"href":"https:\/\/agora.xtec.cat\/esc-renaixencahostalets\/wp-json\/wp\/v2\/comments?post=20536"}],"version-history":[{"count":2,"href":"https:\/\/agora.xtec.cat\/esc-renaixencahostalets\/wp-json\/wp\/v2\/posts\/20536\/revisions"}],"predecessor-version":[{"id":20542,"href":"https:\/\/agora.xtec.cat\/esc-renaixencahostalets\/wp-json\/wp\/v2\/posts\/20536\/revisions\/20542"}],"wp:featuredmedia":[{"embeddable":true,"href":"https:\/\/agora.xtec.cat\/esc-renaixencahostalets\/wp-json\/wp\/v2\/media\/20538"}],"wp:attachment":[{"href":"https:\/\/agora.xtec.cat\/esc-renaixencahostalets\/wp-json\/wp\/v2\/media?parent=20536"}],"wp:term":[{"taxonomy":"category","embeddable":true,"href":"https:\/\/agora.xtec.cat\/esc-renaixencahostalets\/wp-json\/wp\/v2\/categories?post=20536"},{"taxonomy":"post_tag","embeddable":true,"href":"https:\/\/agora.xtec.cat\/esc-renaixencahostalets\/wp-json\/wp\/v2\/tags?post=20536"}],"curies":[{"name":"wp","href":"https:\/\/api.w.org\/{rel}","templated":true}]}}