{"id":20514,"date":"2023-02-15T17:24:04","date_gmt":"2023-02-15T16:24:04","guid":{"rendered":"https:\/\/agora.xtec.cat\/esc-renaixencahostalets\/?p=20514"},"modified":"2023-02-15T17:24:45","modified_gmt":"2023-02-15T16:24:45","slug":"segon-claustre-de-coeducacio-daquest-curs","status":"publish","type":"post","link":"https:\/\/agora.xtec.cat\/esc-renaixencahostalets\/general\/segon-claustre-de-coeducacio-daquest-curs\/","title":{"rendered":"Segon Claustre de coeducaci\u00f3 d&#8217;aquest curs."},"content":{"rendered":"<p>Aquesta tarda la Comissi\u00f3 de coeducaci\u00f3 ha dinamitzat el segon Claustre d&#8217;aquest curs on l&#8217;equip de mestres i professors\/es ha apr\u00e8s, compartit i reflexionat sobre aquesta tem\u00e0tica.\u00a0Inicialment, s&#8217;ha presentat el Protocol de detecci\u00f3 i prevenci\u00f3 de situacions de viol\u00e8ncia sexual a l&#8217;IE Renaixen\u00e7a creat a partir de la <a href=\"https:\/\/educacio.gencat.cat\/ca\/departament\/publicacions\/monografies\/guia-acompanyament-alumnat-violencies-sexuals\/\">Guia d&#8217;acompanyament i bon tracte a l&#8217;alumnat que verbalitza situacions que verbalitza situacions de viol\u00e8ncies sexuals<\/a> del Departament d&#8217;Educaci\u00f3. Posteriorment, diverses persones de l&#8217;equip docent han explicat activitats que havien dut a terme a les aules i s&#8217;han presentat recursos variats per continuar treballant la coeducaci\u00f3 a l&#8217;aula. A m\u00e9s a m\u00e9s, tamb\u00e9 s&#8217;han refrescat conceptes treballats en Claustres anteriors relacionats amb la coeducaci\u00f3. Per acabar, s&#8217;ha pensat com s&#8217;organitzar\u00e0 cada cicle i quines activitats es plantejaran a partir de les maletes pedag\u00f2giques i de l&#8217;exposici\u00f3 &#8220;Canvia de conte&#8221; que ens deixar\u00e0 del CRP.<\/p>\n<p><img loading=\"lazy\" decoding=\"async\" class=\"aligncenter size-full wp-image-20515\" src=\"https:\/\/agora.xtec.cat\/esc-renaixencahostalets\/wp-content\/uploads\/usu1823\/2023\/02\/Segon-Claustre-de-coeducacio.jpg\" alt=\"\" width=\"807\" height=\"644\" srcset=\"https:\/\/agora.xtec.cat\/esc-renaixencahostalets\/wp-content\/uploads\/usu1823\/2023\/02\/Segon-Claustre-de-coeducacio.jpg 807w, https:\/\/agora.xtec.cat\/esc-renaixencahostalets\/wp-content\/uploads\/usu1823\/2023\/02\/Segon-Claustre-de-coeducacio-300x239.jpg 300w, https:\/\/agora.xtec.cat\/esc-renaixencahostalets\/wp-content\/uploads\/usu1823\/2023\/02\/Segon-Claustre-de-coeducacio-768x613.jpg 768w\" sizes=\"auto, (max-width: 807px) 100vw, 807px\" \/><\/p>\n","protected":false},"excerpt":{"rendered":"<p>Aquesta tarda la Comissi\u00f3 de coeducaci\u00f3 ha dinamitzat el segon Claustre d&#8217;aquest curs on l&#8217;equip de mestres i professors\/es ha apr\u00e8s, compartit i reflexionat sobre aquesta tem\u00e0tica.&hellip;  <a href=\"https:\/\/agora.xtec.cat\/esc-renaixencahostalets\/general\/segon-claustre-de-coeducacio-daquest-curs\/\" title=\"Read Segon Claustre de coeducaci\u00f3 d&#8217;aquest curs.\">Llegeix m\u00e9s\u00bb<\/a><\/p>\n","protected":false},"author":26,"featured_media":20515,"comment_status":"closed","ping_status":"closed","sticky":false,"template":"","format":"standard","meta":{"_bbp_topic_count":0,"_bbp_reply_count":0,"_bbp_total_topic_count":0,"_bbp_total_reply_count":0,"_bbp_voice_count":0,"_bbp_anonymous_reply_count":0,"_bbp_topic_count_hidden":0,"_bbp_reply_count_hidden":0,"_bbp_forum_subforum_count":0,"footnotes":""},"categories":[140,1],"tags":[],"class_list":["post-20514","post","type-post","status-publish","format-standard","has-post-thumbnail","hentry","category-coeducacio","category-general"],"post_mailing_queue_ids":[],"_links":{"self":[{"href":"https:\/\/agora.xtec.cat\/esc-renaixencahostalets\/wp-json\/wp\/v2\/posts\/20514","targetHints":{"allow":["GET"]}}],"collection":[{"href":"https:\/\/agora.xtec.cat\/esc-renaixencahostalets\/wp-json\/wp\/v2\/posts"}],"about":[{"href":"https:\/\/agora.xtec.cat\/esc-renaixencahostalets\/wp-json\/wp\/v2\/types\/post"}],"author":[{"embeddable":true,"href":"https:\/\/agora.xtec.cat\/esc-renaixencahostalets\/wp-json\/wp\/v2\/users\/26"}],"replies":[{"embeddable":true,"href":"https:\/\/agora.xtec.cat\/esc-renaixencahostalets\/wp-json\/wp\/v2\/comments?post=20514"}],"version-history":[{"count":1,"href":"https:\/\/agora.xtec.cat\/esc-renaixencahostalets\/wp-json\/wp\/v2\/posts\/20514\/revisions"}],"predecessor-version":[{"id":20516,"href":"https:\/\/agora.xtec.cat\/esc-renaixencahostalets\/wp-json\/wp\/v2\/posts\/20514\/revisions\/20516"}],"wp:featuredmedia":[{"embeddable":true,"href":"https:\/\/agora.xtec.cat\/esc-renaixencahostalets\/wp-json\/wp\/v2\/media\/20515"}],"wp:attachment":[{"href":"https:\/\/agora.xtec.cat\/esc-renaixencahostalets\/wp-json\/wp\/v2\/media?parent=20514"}],"wp:term":[{"taxonomy":"category","embeddable":true,"href":"https:\/\/agora.xtec.cat\/esc-renaixencahostalets\/wp-json\/wp\/v2\/categories?post=20514"},{"taxonomy":"post_tag","embeddable":true,"href":"https:\/\/agora.xtec.cat\/esc-renaixencahostalets\/wp-json\/wp\/v2\/tags?post=20514"}],"curies":[{"name":"wp","href":"https:\/\/api.w.org\/{rel}","templated":true}]}}