{"id":20506,"date":"2023-02-10T20:23:25","date_gmt":"2023-02-10T19:23:25","guid":{"rendered":"https:\/\/agora.xtec.cat\/esc-renaixencahostalets\/?p=20506"},"modified":"2023-02-11T08:54:42","modified_gmt":"2023-02-11T07:54:42","slug":"el-carnaval-ha-arribat","status":"publish","type":"post","link":"https:\/\/agora.xtec.cat\/esc-renaixencahostalets\/general\/el-carnaval-ha-arribat\/","title":{"rendered":"El carnaval ha arribat!"},"content":{"rendered":"<p>Aquesta tarda ha arribat el\/la Carnestoltes a l&#8217;IE Renaixen\u00e7a. L&#8217;alumnat de 6\u00e8 ha participat activament d&#8217;aquesta festa. L&#8217;han presentat, han ballat, han dit les consignes i han cantat un rap. Feia molts dies que practicaven i han mostrat habilitats comunicatives, d&#8217;expressi\u00f3 corporal, musicals, entre d&#8217;altres. La resta d&#8217;alumnes i de mestres d&#8217;educaci\u00f3 infantil i prim\u00e0ria s&#8217;han sorpr\u00e8s i animat a parts iguals amb la magn\u00edfica actuaci\u00f3. A continuaci\u00f3 us deixem el rap que han creat:<\/p>\n<p dir=\"ltr\" style=\"text-align: center;\"><strong><span style=\"color: #000000;\">El dilluns amb pijama a l&#8217;escola haur\u00e0s d&#8217;anar<\/span><\/strong><\/p>\n<p dir=\"ltr\" style=\"text-align: center;\"><strong>si el carnaval vols celebrar!!<\/strong><\/p>\n<p dir=\"ltr\" style=\"text-align: center;\"><strong>El pijama que m\u00e9s llueixi,<\/strong><\/p>\n<p dir=\"ltr\" style=\"text-align: center;\"><strong>pels m\u00e9s desvergonyits,<\/strong><\/p>\n<p dir=\"ltr\" style=\"text-align: center;\"><strong>que l\u2019escola floreixi<\/strong><\/p>\n<p dir=\"ltr\" style=\"text-align: center;\"><strong>de colors i vestits!<\/strong><\/p>\n<p dir=\"ltr\" style=\"text-align: center;\"><strong>Si el dimarts a l&#8217;escola vols anar<\/strong><\/p>\n<p dir=\"ltr\" style=\"text-align: center;\"><strong>amb la cara pintada haur\u00e0s d&#8217;arribar<\/strong><\/p>\n<p dir=\"ltr\" style=\"text-align: center;\"><strong>Amb ulleres de sol vindr\u00e0s<\/strong><\/p>\n<p dir=\"ltr\" style=\"text-align: center;\"><strong>i aix\u00ed amb la nostre bellesa no t\u2019enlluernar\u00e0s.\u00a0<\/strong><\/p>\n<p dir=\"ltr\" style=\"text-align: center;\"><strong><span style=\"color: #000000;\">El dimecres un pentinat boig haur\u00e0s de portar<\/span><\/strong><\/p>\n<p dir=\"ltr\" style=\"text-align: center;\"><strong>si a l\u2019escola vols anar<\/strong><\/p>\n<p dir=\"ltr\" style=\"text-align: center;\"><strong>Tamb\u00e9 pots portar el cabell pintat,<\/strong><\/p>\n<p dir=\"ltr\" style=\"text-align: center;\"><strong>quin gran maldecap!!<\/strong><\/p>\n<p dir=\"ltr\" style=\"text-align: center;\"><strong>Llavors riurem<\/strong><\/p>\n<p dir=\"ltr\" style=\"text-align: center;\"><strong>i aix\u00ed ho superarem!<\/strong><\/p>\n<p dir=\"ltr\" style=\"text-align: center;\"><strong>El dijous per acabar<\/strong><\/p>\n<p dir=\"ltr\" style=\"text-align: center;\"><strong>unes sabates diferents has de portar<\/strong><\/p>\n<p dir=\"ltr\" style=\"text-align: center;\"><strong>i un mitj\u00f3 de cada color <\/strong><\/p>\n<p dir=\"ltr\" style=\"text-align: center;\"><strong>perqu\u00e8 els peus no et facin pudor.<\/strong><\/p>\n<p dir=\"ltr\"><img loading=\"lazy\" decoding=\"async\" class=\"aligncenter size-large wp-image-20507\" src=\"https:\/\/agora.xtec.cat\/esc-renaixencahostalets\/wp-content\/uploads\/usu1823\/2023\/02\/CARNAVAL-2023-576x1024.jpg\" alt=\"\" width=\"576\" height=\"1024\" srcset=\"https:\/\/agora.xtec.cat\/esc-renaixencahostalets\/wp-content\/uploads\/usu1823\/2023\/02\/CARNAVAL-2023-576x1024.jpg 576w, https:\/\/agora.xtec.cat\/esc-renaixencahostalets\/wp-content\/uploads\/usu1823\/2023\/02\/CARNAVAL-2023-169x300.jpg 169w, https:\/\/agora.xtec.cat\/esc-renaixencahostalets\/wp-content\/uploads\/usu1823\/2023\/02\/CARNAVAL-2023-768x1365.jpg 768w, https:\/\/agora.xtec.cat\/esc-renaixencahostalets\/wp-content\/uploads\/usu1823\/2023\/02\/CARNAVAL-2023-864x1536.jpg 864w, https:\/\/agora.xtec.cat\/esc-renaixencahostalets\/wp-content\/uploads\/usu1823\/2023\/02\/CARNAVAL-2023.jpg 1080w\" sizes=\"auto, (max-width: 576px) 100vw, 576px\" \/><\/p>\n","protected":false},"excerpt":{"rendered":"<p>Aquesta tarda ha arribat el\/la Carnestoltes a l&#8217;IE Renaixen\u00e7a. L&#8217;alumnat de 6\u00e8 ha participat activament d&#8217;aquesta festa. L&#8217;han presentat, han ballat, han dit les consignes i han cantat un rap.&hellip;  <a href=\"https:\/\/agora.xtec.cat\/esc-renaixencahostalets\/general\/el-carnaval-ha-arribat\/\" title=\"Read El carnaval ha arribat!\">Llegeix m\u00e9s\u00bb<\/a><\/p>\n","protected":false},"author":26,"featured_media":20511,"comment_status":"closed","ping_status":"closed","sticky":false,"template":"","format":"standard","meta":{"_bbp_topic_count":0,"_bbp_reply_count":0,"_bbp_total_topic_count":0,"_bbp_total_reply_count":0,"_bbp_voice_count":0,"_bbp_anonymous_reply_count":0,"_bbp_topic_count_hidden":0,"_bbp_reply_count_hidden":0,"_bbp_forum_subforum_count":0,"footnotes":""},"categories":[1],"tags":[],"class_list":["post-20506","post","type-post","status-publish","format-standard","has-post-thumbnail","hentry","category-general"],"post_mailing_queue_ids":[],"_links":{"self":[{"href":"https:\/\/agora.xtec.cat\/esc-renaixencahostalets\/wp-json\/wp\/v2\/posts\/20506","targetHints":{"allow":["GET"]}}],"collection":[{"href":"https:\/\/agora.xtec.cat\/esc-renaixencahostalets\/wp-json\/wp\/v2\/posts"}],"about":[{"href":"https:\/\/agora.xtec.cat\/esc-renaixencahostalets\/wp-json\/wp\/v2\/types\/post"}],"author":[{"embeddable":true,"href":"https:\/\/agora.xtec.cat\/esc-renaixencahostalets\/wp-json\/wp\/v2\/users\/26"}],"replies":[{"embeddable":true,"href":"https:\/\/agora.xtec.cat\/esc-renaixencahostalets\/wp-json\/wp\/v2\/comments?post=20506"}],"version-history":[{"count":3,"href":"https:\/\/agora.xtec.cat\/esc-renaixencahostalets\/wp-json\/wp\/v2\/posts\/20506\/revisions"}],"predecessor-version":[{"id":20512,"href":"https:\/\/agora.xtec.cat\/esc-renaixencahostalets\/wp-json\/wp\/v2\/posts\/20506\/revisions\/20512"}],"wp:featuredmedia":[{"embeddable":true,"href":"https:\/\/agora.xtec.cat\/esc-renaixencahostalets\/wp-json\/wp\/v2\/media\/20511"}],"wp:attachment":[{"href":"https:\/\/agora.xtec.cat\/esc-renaixencahostalets\/wp-json\/wp\/v2\/media?parent=20506"}],"wp:term":[{"taxonomy":"category","embeddable":true,"href":"https:\/\/agora.xtec.cat\/esc-renaixencahostalets\/wp-json\/wp\/v2\/categories?post=20506"},{"taxonomy":"post_tag","embeddable":true,"href":"https:\/\/agora.xtec.cat\/esc-renaixencahostalets\/wp-json\/wp\/v2\/tags?post=20506"}],"curies":[{"name":"wp","href":"https:\/\/api.w.org\/{rel}","templated":true}]}}