{"id":20502,"date":"2023-02-02T20:21:01","date_gmt":"2023-02-02T19:21:01","guid":{"rendered":"https:\/\/agora.xtec.cat\/esc-renaixencahostalets\/?p=20502"},"modified":"2023-02-02T20:22:14","modified_gmt":"2023-02-02T19:22:14","slug":"exposicio-es-la-meva-responsabilitat","status":"publish","type":"post","link":"https:\/\/agora.xtec.cat\/esc-renaixencahostalets\/general\/exposicio-es-la-meva-responsabilitat\/","title":{"rendered":"Exposici\u00f3 &#8220;\u00c9s la meva responsabilitat&#8221;."},"content":{"rendered":"<p>A l&#8217;entrada del centre l&#8217;alumnat s&#8217;ha trobat l&#8217;exposici\u00f3 &#8220;\u00c9s la meva responsabilitat&#8221; durant aquest mes de gener. Constava de cinc plafons pensats per treballar la viol\u00e8ncia i els estereotips de g\u00e8nere. El primer cicle d&#8217;ESO l&#8217;ha visitada i l&#8217;han comentat, tot relacionant-la amb l&#8217;amor rom\u00e0ntic. Volem donar les gr\u00e0cies al Centre de Recursos Pedag\u00f2gics (CRP) de l&#8217;Anoia per deixar-nos-la durant tot aquest temps.<\/p>\n<p><img loading=\"lazy\" decoding=\"async\" class=\"aligncenter size-large wp-image-20504\" src=\"https:\/\/agora.xtec.cat\/esc-renaixencahostalets\/wp-content\/uploads\/usu1823\/2023\/02\/PHOTO-2023-01-20-17-59-20-1024x768.jpg\" alt=\"\" width=\"1024\" height=\"768\" srcset=\"https:\/\/agora.xtec.cat\/esc-renaixencahostalets\/wp-content\/uploads\/usu1823\/2023\/02\/PHOTO-2023-01-20-17-59-20-1024x768.jpg 1024w, https:\/\/agora.xtec.cat\/esc-renaixencahostalets\/wp-content\/uploads\/usu1823\/2023\/02\/PHOTO-2023-01-20-17-59-20-300x225.jpg 300w, https:\/\/agora.xtec.cat\/esc-renaixencahostalets\/wp-content\/uploads\/usu1823\/2023\/02\/PHOTO-2023-01-20-17-59-20-768x576.jpg 768w, https:\/\/agora.xtec.cat\/esc-renaixencahostalets\/wp-content\/uploads\/usu1823\/2023\/02\/PHOTO-2023-01-20-17-59-20-1536x1152.jpg 1536w, https:\/\/agora.xtec.cat\/esc-renaixencahostalets\/wp-content\/uploads\/usu1823\/2023\/02\/PHOTO-2023-01-20-17-59-20-200x150.jpg 200w, https:\/\/agora.xtec.cat\/esc-renaixencahostalets\/wp-content\/uploads\/usu1823\/2023\/02\/PHOTO-2023-01-20-17-59-20.jpg 1600w\" sizes=\"auto, (max-width: 1024px) 100vw, 1024px\" \/><\/p>\n<p>&nbsp;<\/p>\n","protected":false},"excerpt":{"rendered":"<p>A l&#8217;entrada del centre l&#8217;alumnat s&#8217;ha trobat l&#8217;exposici\u00f3 &#8220;\u00c9s la meva responsabilitat&#8221; durant aquest mes de gener.&hellip;  <a href=\"https:\/\/agora.xtec.cat\/esc-renaixencahostalets\/general\/exposicio-es-la-meva-responsabilitat\/\" title=\"Read Exposici\u00f3 &#8220;\u00c9s la meva responsabilitat&#8221;.\">Llegeix m\u00e9s\u00bb<\/a><\/p>\n","protected":false},"author":26,"featured_media":20503,"comment_status":"closed","ping_status":"closed","sticky":false,"template":"","format":"standard","meta":{"_bbp_topic_count":0,"_bbp_reply_count":0,"_bbp_total_topic_count":0,"_bbp_total_reply_count":0,"_bbp_voice_count":0,"_bbp_anonymous_reply_count":0,"_bbp_topic_count_hidden":0,"_bbp_reply_count_hidden":0,"_bbp_forum_subforum_count":0,"footnotes":""},"categories":[140,1],"tags":[],"class_list":["post-20502","post","type-post","status-publish","format-standard","has-post-thumbnail","hentry","category-coeducacio","category-general"],"post_mailing_queue_ids":[],"_links":{"self":[{"href":"https:\/\/agora.xtec.cat\/esc-renaixencahostalets\/wp-json\/wp\/v2\/posts\/20502","targetHints":{"allow":["GET"]}}],"collection":[{"href":"https:\/\/agora.xtec.cat\/esc-renaixencahostalets\/wp-json\/wp\/v2\/posts"}],"about":[{"href":"https:\/\/agora.xtec.cat\/esc-renaixencahostalets\/wp-json\/wp\/v2\/types\/post"}],"author":[{"embeddable":true,"href":"https:\/\/agora.xtec.cat\/esc-renaixencahostalets\/wp-json\/wp\/v2\/users\/26"}],"replies":[{"embeddable":true,"href":"https:\/\/agora.xtec.cat\/esc-renaixencahostalets\/wp-json\/wp\/v2\/comments?post=20502"}],"version-history":[{"count":1,"href":"https:\/\/agora.xtec.cat\/esc-renaixencahostalets\/wp-json\/wp\/v2\/posts\/20502\/revisions"}],"predecessor-version":[{"id":20505,"href":"https:\/\/agora.xtec.cat\/esc-renaixencahostalets\/wp-json\/wp\/v2\/posts\/20502\/revisions\/20505"}],"wp:featuredmedia":[{"embeddable":true,"href":"https:\/\/agora.xtec.cat\/esc-renaixencahostalets\/wp-json\/wp\/v2\/media\/20503"}],"wp:attachment":[{"href":"https:\/\/agora.xtec.cat\/esc-renaixencahostalets\/wp-json\/wp\/v2\/media?parent=20502"}],"wp:term":[{"taxonomy":"category","embeddable":true,"href":"https:\/\/agora.xtec.cat\/esc-renaixencahostalets\/wp-json\/wp\/v2\/categories?post=20502"},{"taxonomy":"post_tag","embeddable":true,"href":"https:\/\/agora.xtec.cat\/esc-renaixencahostalets\/wp-json\/wp\/v2\/tags?post=20502"}],"curies":[{"name":"wp","href":"https:\/\/api.w.org\/{rel}","templated":true}]}}