{"id":20495,"date":"2023-01-25T12:43:47","date_gmt":"2023-01-25T11:43:47","guid":{"rendered":"https:\/\/agora.xtec.cat\/esc-renaixencahostalets\/?p=20495"},"modified":"2023-02-23T13:09:15","modified_gmt":"2023-02-23T12:09:15","slug":"jornada-de-portes-obertes-2","status":"publish","type":"post","link":"https:\/\/agora.xtec.cat\/esc-renaixencahostalets\/general\/jornada-de-portes-obertes-2\/","title":{"rendered":"Jornada de portes obertes"},"content":{"rendered":"<p><a href=\"https:\/\/agora.xtec.cat\/esc-renaixencahostalets\/wp-content\/uploads\/usu1823\/2023\/01\/Portes-obertes-IE-Renaixenca-2023-1-scaled.jpg\"><img loading=\"lazy\" decoding=\"async\" class=\"alignnone wp-image-20521\" src=\"https:\/\/agora.xtec.cat\/esc-renaixencahostalets\/wp-content\/uploads\/usu1823\/2023\/01\/Portes-obertes-IE-Renaixenca-2023-1-scaled.jpg\" alt=\"\" width=\"154\" height=\"205\" srcset=\"https:\/\/agora.xtec.cat\/esc-renaixencahostalets\/wp-content\/uploads\/usu1823\/2023\/01\/Portes-obertes-IE-Renaixenca-2023-1-scaled.jpg 1920w, https:\/\/agora.xtec.cat\/esc-renaixencahostalets\/wp-content\/uploads\/usu1823\/2023\/01\/Portes-obertes-IE-Renaixenca-2023-1-225x300.jpg 225w, https:\/\/agora.xtec.cat\/esc-renaixencahostalets\/wp-content\/uploads\/usu1823\/2023\/01\/Portes-obertes-IE-Renaixenca-2023-1-768x1024.jpg 768w, https:\/\/agora.xtec.cat\/esc-renaixencahostalets\/wp-content\/uploads\/usu1823\/2023\/01\/Portes-obertes-IE-Renaixenca-2023-1-1152x1536.jpg 1152w, https:\/\/agora.xtec.cat\/esc-renaixencahostalets\/wp-content\/uploads\/usu1823\/2023\/01\/Portes-obertes-IE-Renaixenca-2023-1-1536x2048.jpg 1536w\" sizes=\"auto, (max-width: 154px) 100vw, 154px\" \/><\/a><\/p>\n<p>El nostre Institut Escola obrir\u00e0 les portes a les fam\u00edlies que estiguin interessades en con\u00e8ixer el funcionament del nostre centre en les dates que us facilitem:<\/p>\n<p><strong>EDUCACI\u00d3 INFANTIL I PRIM\u00c0RIA<\/strong><\/p>\n<table style=\"border-collapse: collapse; width: 100%; height: 64px;\">\n<tbody>\n<tr style=\"height: 32px;\">\n<td style=\"width: 50%; height: 64px;\" rowspan=\"2\">dijous 2 de mar\u00e7 de 2023<\/td>\n<td style=\"width: 50%; height: 32px;\">1r torn: de 9:30 a 11:00h<\/td>\n<\/tr>\n<tr style=\"height: 32px;\">\n<td style=\"width: 50%; height: 32px;\">2n torn: de 15:00 a 16:30h<\/td>\n<\/tr>\n<\/tbody>\n<\/table>\n<p><strong>EDUCACI\u00d3 SECUND\u00c0RIA<\/strong><\/p>\n<table style=\"border-collapse: collapse; width: 100%;\">\n<tbody>\n<tr>\n<td style=\"width: 50%;\">dimarts 28 de febrer de 2023<\/td>\n<td style=\"width: 50%;\">torn \u00fanic: de 16:30h a 18:00h<\/td>\n<\/tr>\n<\/tbody>\n<\/table>\n<p>&nbsp;<\/p>\n<p>Per tal de fer la reserva d&#8217;hora, us facilitem el seg\u00fcent <a href=\"https:\/\/docs.google.com\/forms\/d\/e\/1FAIpQLScPy4EkmKJNLNhDdY6Lsg8kUlbFNss_B1xQEc-TmVtRmgNqvw\/viewform?usp=sf_link\"><strong><span style=\"color: #0000ff;\">formulari<\/span><\/strong><\/a><\/p>\n<p>&nbsp;<\/p>\n<p>Per qualsevol dubte podeu posar-vos en contacte a trav\u00e9s del tel\u00e8fon 937712135 o al mail a8076960@xtec.cat<\/p>\n","protected":false},"excerpt":{"rendered":"<p><a href=\"https:\/\/agora.xtec.cat\/esc-renaixencahostalets\/wp-content\/uploads\/usu1823\/2023\/01\/Portes-obertes-IE-Renaixenca-2023-1-scaled.jpg\"><\/a><br \/>\nEl nostre Institut Escola obrir\u00e0 les portes a les fam\u00edlies que estiguin interessades en con\u00e8ixer el funcionament del nostre centre en les dates que us facilitem:<br \/>\nEDUCACI\u00d3 INFANTIL I PRIM\u00c0RIA<\/p>\n<p>dijous 2 de mar\u00e7 de 2023<br \/>\n1r torn: de 9:30 a 11:00h<\/p>\n<p>2n torn: de 15:00 a 16:30h<\/p>\n<p>EDUCACI\u00d3&hellip;  <a href=\"https:\/\/agora.xtec.cat\/esc-renaixencahostalets\/general\/jornada-de-portes-obertes-2\/\" title=\"Read Jornada de portes obertes\">Llegeix m\u00e9s\u00bb<\/a><\/p>\n","protected":false},"author":5,"featured_media":0,"comment_status":"closed","ping_status":"closed","sticky":false,"template":"","format":"standard","meta":{"_bbp_topic_count":0,"_bbp_reply_count":0,"_bbp_total_topic_count":0,"_bbp_total_reply_count":0,"_bbp_voice_count":0,"_bbp_anonymous_reply_count":0,"_bbp_topic_count_hidden":0,"_bbp_reply_count_hidden":0,"_bbp_forum_subforum_count":0,"footnotes":""},"categories":[1,105],"tags":[],"class_list":["post-20495","post","type-post","status-publish","format-standard","hentry","category-general","category-preinscripcions"],"post_mailing_queue_ids":[],"_links":{"self":[{"href":"https:\/\/agora.xtec.cat\/esc-renaixencahostalets\/wp-json\/wp\/v2\/posts\/20495","targetHints":{"allow":["GET"]}}],"collection":[{"href":"https:\/\/agora.xtec.cat\/esc-renaixencahostalets\/wp-json\/wp\/v2\/posts"}],"about":[{"href":"https:\/\/agora.xtec.cat\/esc-renaixencahostalets\/wp-json\/wp\/v2\/types\/post"}],"author":[{"embeddable":true,"href":"https:\/\/agora.xtec.cat\/esc-renaixencahostalets\/wp-json\/wp\/v2\/users\/5"}],"replies":[{"embeddable":true,"href":"https:\/\/agora.xtec.cat\/esc-renaixencahostalets\/wp-json\/wp\/v2\/comments?post=20495"}],"version-history":[{"count":3,"href":"https:\/\/agora.xtec.cat\/esc-renaixencahostalets\/wp-json\/wp\/v2\/posts\/20495\/revisions"}],"predecessor-version":[{"id":20524,"href":"https:\/\/agora.xtec.cat\/esc-renaixencahostalets\/wp-json\/wp\/v2\/posts\/20495\/revisions\/20524"}],"wp:attachment":[{"href":"https:\/\/agora.xtec.cat\/esc-renaixencahostalets\/wp-json\/wp\/v2\/media?parent=20495"}],"wp:term":[{"taxonomy":"category","embeddable":true,"href":"https:\/\/agora.xtec.cat\/esc-renaixencahostalets\/wp-json\/wp\/v2\/categories?post=20495"},{"taxonomy":"post_tag","embeddable":true,"href":"https:\/\/agora.xtec.cat\/esc-renaixencahostalets\/wp-json\/wp\/v2\/tags?post=20495"}],"curies":[{"name":"wp","href":"https:\/\/api.w.org\/{rel}","templated":true}]}}