{"id":20490,"date":"2023-03-03T17:39:33","date_gmt":"2023-03-03T16:39:33","guid":{"rendered":"https:\/\/agora.xtec.cat\/esc-renaixencahostalets\/?p=20490"},"modified":"2023-07-03T09:26:50","modified_gmt":"2023-07-03T07:26:50","slug":"preinscripcio-curs-escolar-2023-24","status":"publish","type":"post","link":"https:\/\/agora.xtec.cat\/esc-renaixencahostalets\/general\/preinscripcio-curs-escolar-2023-24\/","title":{"rendered":"Preinscripci\u00f3 curs escolar 2023-24"},"content":{"rendered":"<p>&nbsp;<\/p>\n<p><a href=\"https:\/\/agora.xtec.cat\/esc-renaixencahostalets\/wp-content\/uploads\/usu1823\/2023\/03\/preins-portada-1.jpg\"><img loading=\"lazy\" decoding=\"async\" class=\"alignnone wp-image-20836\" src=\"https:\/\/agora.xtec.cat\/esc-renaixencahostalets\/wp-content\/uploads\/usu1823\/2023\/03\/preins-portada-1.jpg\" alt=\"\" width=\"246\" height=\"261\" srcset=\"https:\/\/agora.xtec.cat\/esc-renaixencahostalets\/wp-content\/uploads\/usu1823\/2023\/03\/preins-portada-1.jpg 418w, https:\/\/agora.xtec.cat\/esc-renaixencahostalets\/wp-content\/uploads\/usu1823\/2023\/03\/preins-portada-1-282x300.jpg 282w\" sizes=\"auto, (max-width: 246px) 100vw, 246px\" \/><\/a><\/p>\n<p><strong>PREINSCRIPCI\u00d3<\/strong><\/p>\n<p>Us facilitem l&#8217;enlla\u00e7 al web del Departament d&#8217;Educaci\u00f3 per tal de fer la preinscripci\u00f3 pel proper curs escolar 2023\/2024<\/p>\n<p><a href=\"https:\/\/preinscripcio.gencat.cat\/ca\/inici\/\" target=\"_blank\" rel=\"noopener\">clica aqu\u00ed per fer la preinscripci\u00f3<\/a><\/p>\n<p><strong>VACANTS OFERTADES<\/strong><\/p>\n<p>L&#8217;oferta educativa del centre \u00e9s la seg\u00fcent:<\/p>\n<p><a href=\"https:\/\/drive.google.com\/file\/d\/1VUBNc_kqHtGg3CQAuHSuuvgC5luqlYpT\/view?usp=share_link\" target=\"_blank\" rel=\"noopener\">vacants centre<\/a><\/p>\n<p><strong>LLISTAT BAREMS PROVISIONALS<\/strong><\/p>\n<p><a href=\"https:\/\/agora.xtec.cat\/esc-renaixencahostalets\/wp-content\/uploads\/usu1823\/2023\/03\/INFORME_BAREM_PROVISIONAL_BAREM.pdf\">Barems provisionals<\/a><\/p>\n<p><strong>LLISTAT BAREMS DEFINITIUS<\/strong><\/p>\n<p><a href=\"https:\/\/agora.xtec.cat\/esc-renaixencahostalets\/wp-content\/uploads\/usu1823\/2023\/03\/INFORME_BAREM_RESOLTES_BAREM-1.pdf\" target=\"_blank\" rel=\"noopener\">Barems definitius<\/a><\/p>\n<p><strong>LLISTA ORDENADA DEFINITIVA BAREMS<\/strong><\/p>\n<p><a href=\"https:\/\/agora.xtec.cat\/esc-renaixencahostalets\/wp-content\/uploads\/usu1823\/2023\/03\/INFORME_BAREM_DEFINITIU_BAREM.pdf\" target=\"_blank\" rel=\"noopener\">llista ordenada barems definitius<\/a><\/p>\n<p><strong>LLISTA OFERTA DEFINITIVA<\/strong><\/p>\n<p><a href=\"https:\/\/agora.xtec.cat\/esc-renaixencahostalets\/wp-content\/uploads\/usu1823\/2023\/03\/oferta-definitiva.pdf\" target=\"_blank\" rel=\"noopener\">oferta definitiva<\/a><\/p>\n<p><strong>LLISTA ALUMNAT PREINSCRIT<\/strong><\/p>\n<p><a href=\"https:\/\/agora.xtec.cat\/esc-renaixencahostalets\/wp-content\/uploads\/usu1823\/2023\/03\/ALUMNES-PREINSCRITS.pdf\">Alumnes preinscrits<\/a><\/p>\n<p><strong>LLISTA DEFINITIVA DE L&#8217;ALUMNAT ADM\u00c8S AL CENTRE<\/strong><\/p>\n<p><a href=\"https:\/\/agora.xtec.cat\/esc-renaixencahostalets\/wp-content\/uploads\/usu1823\/2023\/03\/alumnes-assignats-al-centre.pdf\" target=\"_blank\" rel=\"noopener\">alumnat assignat al centre<\/a><\/p>\n<p><strong>LLISTA D&#8217;ESPERA<\/strong><\/p>\n<p><a href=\"https:\/\/agora.xtec.cat\/esc-renaixencahostalets\/wp-content\/uploads\/usu1823\/2023\/03\/INFORME_LLISTA_ESPERA_OME_LLISTA_ESPERA.pdf\" target=\"_blank\" rel=\"noopener\">Llista d&#8217;espera<\/a><\/p>\n<table style=\"border-collapse: collapse; width: 59.1733%; height: 129px;\">\n<tbody>\n<tr>\n<td style=\"width: 100%;\">\n<p style=\"text-align: center;\"><span style=\"color: #000080;\"><strong>MATR\u00cdCULA<\/strong><\/span><\/p>\n<p style=\"text-align: center;\"><span style=\"color: #000080;\">Per tal de formalitzar la matr\u00edcula podreu trucar a partir del 12 de juny i\u00a0 cita pr\u00e8via al tf 937712135<\/span><\/p>\n<p style=\"text-align: center;\"><span style=\"color: #000080;\">La matr\u00edcula ser\u00e0 entre els dies <strong>20 i 28 de juny de 9 a 14h.<\/strong><\/span><\/p>\n<p style=\"text-align: center;\"><strong><span style=\"color: #000080;\">Documentaci\u00f3: <\/span><\/strong><\/p>\n<p style=\"text-align: center;\"><span style=\"color: #000080;\">\u00a0 carnet de vacunacions o cert\u00edficat m\u00e8dic,<\/span><\/p>\n<p style=\"text-align: center;\"><span style=\"color: #000080;\"> 2 fotografies mida carnet actualitzades\u00a0<\/span><\/p>\n<p style=\"text-align: center;\"><span style=\"color: #000080;\">signar les autoritzacions que us facilitarem a la secretaria del centre.<\/span><\/p>\n<\/td>\n<\/tr>\n<tr>\n<td style=\"width: 100%;\">\n<p style=\"text-align: center;\"><span style=\"color: #000080;\"><strong>\u00a0<\/strong><\/span><\/p>\n<\/td>\n<\/tr>\n<\/tbody>\n<\/table>\n<p>&nbsp;<\/p>\n<p>&nbsp;<\/p>\n<p>&nbsp;<\/p>\n<p>&nbsp;<\/p>\n<p>&nbsp;<\/p>\n","protected":false},"excerpt":{"rendered":"<p>&nbsp;<br \/>\n<a href=\"https:\/\/agora.xtec.cat\/esc-renaixencahostalets\/wp-content\/uploads\/usu1823\/2023\/03\/preins-portada-1.jpg\"><\/a><br \/>\nPREINSCRIPCI\u00d3<br \/>\nUs facilitem l&#8217;enlla\u00e7 al web del Departament d&#8217;Educaci\u00f3 per tal de fer la preinscripci\u00f3 pel proper curs escolar 2023\/2024<br \/>\n<a href=\"https:\/\/preinscripcio.gencat.cat\/ca\/inici\/\" target=\"_blank\" rel=\"noopener\">clica aqu\u00ed per fer la preinscripci\u00f3<\/a><br \/>\nVACANTS OFERTADES<br \/>\nL&#8217;oferta educativa del centre \u00e9s la seg\u00fcent:<br \/>\n<a href=\"https:\/\/drive.google.com\/file\/d\/1VUBNc_kqHtGg3CQAuHSuuvgC5luqlYpT\/view?usp=share_link\" target=\"_blank\" rel=\"noopener\">vacants centre<\/a><br \/>\nLLISTAT BAREMS PROVISIONALS<br \/>\n<a href=\"https:\/\/agora.xtec.cat\/esc-renaixencahostalets\/wp-content\/uploads\/usu1823\/2023\/03\/INFORME_BAREM_PROVISIONAL_BAREM.pdf\">Barems provisionals<\/a><br \/>\nLLISTAT BAREMS DEFINITIUS<br \/>\n<a&hellip;  <a href=\"https:\/\/agora.xtec.cat\/esc-renaixencahostalets\/general\/preinscripcio-curs-escolar-2023-24\/\" title=\"Read Preinscripci\u00f3 curs escolar 2023-24\">Llegeix m\u00e9s\u00bb<\/a><\/p>\n","protected":false},"author":5,"featured_media":20491,"comment_status":"open","ping_status":"closed","sticky":false,"template":"","format":"standard","meta":{"_bbp_topic_count":0,"_bbp_reply_count":0,"_bbp_total_topic_count":0,"_bbp_total_reply_count":0,"_bbp_voice_count":0,"_bbp_anonymous_reply_count":0,"_bbp_topic_count_hidden":0,"_bbp_reply_count_hidden":0,"_bbp_forum_subforum_count":0,"footnotes":""},"categories":[1,105],"tags":[],"class_list":["post-20490","post","type-post","status-publish","format-standard","has-post-thumbnail","hentry","category-general","category-preinscripcions"],"post_mailing_queue_ids":[],"_links":{"self":[{"href":"https:\/\/agora.xtec.cat\/esc-renaixencahostalets\/wp-json\/wp\/v2\/posts\/20490","targetHints":{"allow":["GET"]}}],"collection":[{"href":"https:\/\/agora.xtec.cat\/esc-renaixencahostalets\/wp-json\/wp\/v2\/posts"}],"about":[{"href":"https:\/\/agora.xtec.cat\/esc-renaixencahostalets\/wp-json\/wp\/v2\/types\/post"}],"author":[{"embeddable":true,"href":"https:\/\/agora.xtec.cat\/esc-renaixencahostalets\/wp-json\/wp\/v2\/users\/5"}],"replies":[{"embeddable":true,"href":"https:\/\/agora.xtec.cat\/esc-renaixencahostalets\/wp-json\/wp\/v2\/comments?post=20490"}],"version-history":[{"count":3,"href":"https:\/\/agora.xtec.cat\/esc-renaixencahostalets\/wp-json\/wp\/v2\/posts\/20490\/revisions"}],"predecessor-version":[{"id":20852,"href":"https:\/\/agora.xtec.cat\/esc-renaixencahostalets\/wp-json\/wp\/v2\/posts\/20490\/revisions\/20852"}],"wp:featuredmedia":[{"embeddable":true,"href":"https:\/\/agora.xtec.cat\/esc-renaixencahostalets\/wp-json\/wp\/v2\/media\/20491"}],"wp:attachment":[{"href":"https:\/\/agora.xtec.cat\/esc-renaixencahostalets\/wp-json\/wp\/v2\/media?parent=20490"}],"wp:term":[{"taxonomy":"category","embeddable":true,"href":"https:\/\/agora.xtec.cat\/esc-renaixencahostalets\/wp-json\/wp\/v2\/categories?post=20490"},{"taxonomy":"post_tag","embeddable":true,"href":"https:\/\/agora.xtec.cat\/esc-renaixencahostalets\/wp-json\/wp\/v2\/tags?post=20490"}],"curies":[{"name":"wp","href":"https:\/\/api.w.org\/{rel}","templated":true}]}}