{"id":20487,"date":"2023-01-16T19:30:42","date_gmt":"2023-01-16T18:30:42","guid":{"rendered":"https:\/\/agora.xtec.cat\/esc-renaixencahostalets\/?p=20487"},"modified":"2023-01-16T19:30:42","modified_gmt":"2023-01-16T18:30:42","slug":"14e-cros-escolar-dels-hostalets-de-pierola","status":"publish","type":"post","link":"https:\/\/agora.xtec.cat\/esc-renaixencahostalets\/general\/14e-cros-escolar-dels-hostalets-de-pierola\/","title":{"rendered":"14\u00e8 Cros escolar dels Hostalets de Pierola."},"content":{"rendered":"<p>Ahir prop d&#8217;un centenar d&#8217;atletes van participar en el 14\u00e8 Cros escolar dels Hostalets de Pierola i\/o en la 19a Cursa popular a voltant de l\u2019Institut Escola Renaixen\u00e7a. Malgrat el pron\u00f2stic de vent i de fred totes les persones que hi van participar van quedar contentes amb aquest esdeveniment esportiu i familiar. La principal novetat d&#8217;aquesta edici\u00f3 va ser que la major part de les curses es van c\u00f3rrer en format mixt.<\/p>\n<p>Totes les corredores i tots els corredors van rebre una ampolla d\u2019aigua, una poma, un nas de la campanya #riuadadenassos, una medalla de fusta i un n\u00famero per al sorteig final d&#8217;uns vals per a material esportiu i per a una activitat cultural. Podeu consultar les classificacions i les fotografies de cada categoria a la <a href=\"https:\/\/www.ceanoia.cat\/noticia\/resultats-i-classificacions-14e-cros-hostalets-de-pierola\/2244\">p\u00e0gina web del Consell Esportiu de l&#8217;Anoia<\/a>. Aquesta cursa va formar part del calendari de curses escolars de la comarca de l\u2019Anoia, de manera que ha sigut una de les que puntuaven al <a href=\"https:\/\/www.ceanoia.cat\/esports\/cros\/633\">Campionat Comarcal<\/a>.<\/p>\n<p>Cal destacar la feinada i la col\u00b7laboraci\u00f3 de persones ben diverses, des de l\u2019Ajuntament, la Comissi\u00f3 d&#8217;Esports, el Consell Esportiu de l\u2019Anoia, l\u2019AFA i l\u2019equip docent de l\u2019IE Renaixen\u00e7a. Tamb\u00e9 hi va col\u00b7laborar la Diputaci\u00f3 de Barcelona. Podreu trobar m\u00e9s informaci\u00f3 de com va anar aquest esdeveniment a la <a href=\"https:\/\/elshostaletsdepierola.cat\/cros23\/\">p\u00e0gina web de l&#8217;Ajuntament dels Hostalets de Pierola.<\/a><\/p>\n<p><img loading=\"lazy\" decoding=\"async\" class=\"aligncenter wp-image-20488 size-large\" src=\"https:\/\/agora.xtec.cat\/esc-renaixencahostalets\/wp-content\/uploads\/usu1823\/2023\/01\/Cros-escolar-23-1024x819.png\" alt=\"\" width=\"1024\" height=\"819\" srcset=\"https:\/\/agora.xtec.cat\/esc-renaixencahostalets\/wp-content\/uploads\/usu1823\/2023\/01\/Cros-escolar-23-1024x819.png 1024w, https:\/\/agora.xtec.cat\/esc-renaixencahostalets\/wp-content\/uploads\/usu1823\/2023\/01\/Cros-escolar-23-300x240.png 300w, https:\/\/agora.xtec.cat\/esc-renaixencahostalets\/wp-content\/uploads\/usu1823\/2023\/01\/Cros-escolar-23-768x615.png 768w, https:\/\/agora.xtec.cat\/esc-renaixencahostalets\/wp-content\/uploads\/usu1823\/2023\/01\/Cros-escolar-23.png 1171w\" sizes=\"auto, (max-width: 1024px) 100vw, 1024px\" \/><\/p>\n","protected":false},"excerpt":{"rendered":"<p>Ahir prop d&#8217;un centenar d&#8217;atletes van participar en el 14\u00e8 Cros escolar dels Hostalets de Pierola i\/o en la 19a Cursa popular a voltant de l\u2019Institut Escola Renaixen\u00e7a.&hellip;  <a href=\"https:\/\/agora.xtec.cat\/esc-renaixencahostalets\/general\/14e-cros-escolar-dels-hostalets-de-pierola\/\" title=\"Read 14\u00e8 Cros escolar dels Hostalets de Pierola.\">Llegeix m\u00e9s\u00bb<\/a><\/p>\n","protected":false},"author":26,"featured_media":20488,"comment_status":"closed","ping_status":"closed","sticky":false,"template":"","format":"standard","meta":{"_bbp_topic_count":0,"_bbp_reply_count":0,"_bbp_total_topic_count":0,"_bbp_total_reply_count":0,"_bbp_voice_count":0,"_bbp_anonymous_reply_count":0,"_bbp_topic_count_hidden":0,"_bbp_reply_count_hidden":0,"_bbp_forum_subforum_count":0,"footnotes":""},"categories":[7,154,1],"tags":[],"class_list":["post-20487","post","type-post","status-publish","format-standard","has-post-thumbnail","hentry","category-afa","category-educacio-fisica","category-general"],"post_mailing_queue_ids":[],"_links":{"self":[{"href":"https:\/\/agora.xtec.cat\/esc-renaixencahostalets\/wp-json\/wp\/v2\/posts\/20487","targetHints":{"allow":["GET"]}}],"collection":[{"href":"https:\/\/agora.xtec.cat\/esc-renaixencahostalets\/wp-json\/wp\/v2\/posts"}],"about":[{"href":"https:\/\/agora.xtec.cat\/esc-renaixencahostalets\/wp-json\/wp\/v2\/types\/post"}],"author":[{"embeddable":true,"href":"https:\/\/agora.xtec.cat\/esc-renaixencahostalets\/wp-json\/wp\/v2\/users\/26"}],"replies":[{"embeddable":true,"href":"https:\/\/agora.xtec.cat\/esc-renaixencahostalets\/wp-json\/wp\/v2\/comments?post=20487"}],"version-history":[{"count":1,"href":"https:\/\/agora.xtec.cat\/esc-renaixencahostalets\/wp-json\/wp\/v2\/posts\/20487\/revisions"}],"predecessor-version":[{"id":20489,"href":"https:\/\/agora.xtec.cat\/esc-renaixencahostalets\/wp-json\/wp\/v2\/posts\/20487\/revisions\/20489"}],"wp:featuredmedia":[{"embeddable":true,"href":"https:\/\/agora.xtec.cat\/esc-renaixencahostalets\/wp-json\/wp\/v2\/media\/20488"}],"wp:attachment":[{"href":"https:\/\/agora.xtec.cat\/esc-renaixencahostalets\/wp-json\/wp\/v2\/media?parent=20487"}],"wp:term":[{"taxonomy":"category","embeddable":true,"href":"https:\/\/agora.xtec.cat\/esc-renaixencahostalets\/wp-json\/wp\/v2\/categories?post=20487"},{"taxonomy":"post_tag","embeddable":true,"href":"https:\/\/agora.xtec.cat\/esc-renaixencahostalets\/wp-json\/wp\/v2\/tags?post=20487"}],"curies":[{"name":"wp","href":"https:\/\/api.w.org\/{rel}","templated":true}]}}