{"id":20473,"date":"2022-12-07T14:16:05","date_gmt":"2022-12-07T13:16:05","guid":{"rendered":"https:\/\/agora.xtec.cat\/esc-renaixencahostalets\/?p=20473"},"modified":"2022-12-07T14:16:05","modified_gmt":"2022-12-07T13:16:05","slug":"correm-per-la-marato-de-tv3","status":"publish","type":"post","link":"https:\/\/agora.xtec.cat\/esc-renaixencahostalets\/general\/correm-per-la-marato-de-tv3\/","title":{"rendered":"Correm per la Marat\u00f3 de TV3."},"content":{"rendered":"<p>Avui l&#8217;alumnat i les fam\u00edlies de l&#8217;IE Renaixen\u00e7a ha participat en la <strong>cursa solid\u00e0ria per la <a href=\"https:\/\/www.ccma.cat\/tv3\/marato\/\">Marat\u00f3 de TV3<\/a><\/strong>, que enguany va per la salut cardiovascular. Volem donar les gr\u00e0cies a <strong>l&#8217;Ajuntament dels Hostalets de Pierola<\/strong> pel material que ens ha deixat i a <strong>Cal Masi\u00e0<\/strong> i a <strong>l&#8217;AFA<\/strong> per aconseguir pomes per tot l&#8217;alumnat. Tamb\u00e9 volem agrair a les fam\u00edlies volunt\u00e0ries, a part de l&#8217;equip docent i alguns\/es alumnes que ha ajudat a l&#8217;hora del muntatge i desmuntatge.<\/p>\n<p>Us volem recordar que <strong>podeu continuar fent donatius<\/strong> a trav\u00e9s d&#8217;una transfer\u00e8ncia banc\u00e0ria al n\u00famero de compte: ES74 0182 0233 1902 0228 8888\u00a0 <strong>fins al 16 de desembre<\/strong>. L\u2019entitat i el beneficiari \u00e9s l\u2019Institut Escola Renaixen\u00e7a i el concepte \u201cCursa solid\u00e0ria marat\u00f3\u201d. Un cop recollides les aportacions de les fam\u00edlies i de l\u2019equip docent el centre far\u00e0 un donatiu amb la quantitat total al compte oficial de La Marat\u00f3 de TV3.<\/p>\n<p><img loading=\"lazy\" decoding=\"async\" class=\"aligncenter size-full wp-image-20476\" src=\"https:\/\/agora.xtec.cat\/esc-renaixencahostalets\/wp-content\/uploads\/usu1823\/2022\/12\/prova55.jpg\" alt=\"\" width=\"2260\" height=\"1584\" srcset=\"https:\/\/agora.xtec.cat\/esc-renaixencahostalets\/wp-content\/uploads\/usu1823\/2022\/12\/prova55.jpg 2260w, https:\/\/agora.xtec.cat\/esc-renaixencahostalets\/wp-content\/uploads\/usu1823\/2022\/12\/prova55-300x210.jpg 300w, https:\/\/agora.xtec.cat\/esc-renaixencahostalets\/wp-content\/uploads\/usu1823\/2022\/12\/prova55-1024x718.jpg 1024w, https:\/\/agora.xtec.cat\/esc-renaixencahostalets\/wp-content\/uploads\/usu1823\/2022\/12\/prova55-768x538.jpg 768w, https:\/\/agora.xtec.cat\/esc-renaixencahostalets\/wp-content\/uploads\/usu1823\/2022\/12\/prova55-1536x1077.jpg 1536w, https:\/\/agora.xtec.cat\/esc-renaixencahostalets\/wp-content\/uploads\/usu1823\/2022\/12\/prova55-2048x1435.jpg 2048w\" sizes=\"auto, (max-width: 2260px) 100vw, 2260px\" \/><\/p>\n<p>&nbsp;<\/p>\n","protected":false},"excerpt":{"rendered":"<p>Avui l&#8217;alumnat i les fam\u00edlies de l&#8217;IE Renaixen\u00e7a ha participat en la cursa solid\u00e0ria per la <a href=\"https:\/\/www.ccma.cat\/tv3\/marato\/\">Marat\u00f3 de TV3<\/a>, que enguany va per la salut cardiovascular. Volem donar les gr\u00e0cies a l&#8217;Ajuntament dels Hostalets de Pierola pel material que ens ha deixat i a&hellip;  <a href=\"https:\/\/agora.xtec.cat\/esc-renaixencahostalets\/general\/correm-per-la-marato-de-tv3\/\" title=\"Read Correm per la Marat\u00f3 de TV3.\">Llegeix m\u00e9s\u00bb<\/a><\/p>\n","protected":false},"author":26,"featured_media":20475,"comment_status":"closed","ping_status":"closed","sticky":false,"template":"","format":"standard","meta":{"_bbp_topic_count":0,"_bbp_reply_count":0,"_bbp_total_topic_count":0,"_bbp_total_reply_count":0,"_bbp_voice_count":0,"_bbp_anonymous_reply_count":0,"_bbp_topic_count_hidden":0,"_bbp_reply_count_hidden":0,"_bbp_forum_subforum_count":0,"footnotes":""},"categories":[154,1],"tags":[],"class_list":["post-20473","post","type-post","status-publish","format-standard","has-post-thumbnail","hentry","category-educacio-fisica","category-general"],"post_mailing_queue_ids":[],"_links":{"self":[{"href":"https:\/\/agora.xtec.cat\/esc-renaixencahostalets\/wp-json\/wp\/v2\/posts\/20473","targetHints":{"allow":["GET"]}}],"collection":[{"href":"https:\/\/agora.xtec.cat\/esc-renaixencahostalets\/wp-json\/wp\/v2\/posts"}],"about":[{"href":"https:\/\/agora.xtec.cat\/esc-renaixencahostalets\/wp-json\/wp\/v2\/types\/post"}],"author":[{"embeddable":true,"href":"https:\/\/agora.xtec.cat\/esc-renaixencahostalets\/wp-json\/wp\/v2\/users\/26"}],"replies":[{"embeddable":true,"href":"https:\/\/agora.xtec.cat\/esc-renaixencahostalets\/wp-json\/wp\/v2\/comments?post=20473"}],"version-history":[{"count":1,"href":"https:\/\/agora.xtec.cat\/esc-renaixencahostalets\/wp-json\/wp\/v2\/posts\/20473\/revisions"}],"predecessor-version":[{"id":20477,"href":"https:\/\/agora.xtec.cat\/esc-renaixencahostalets\/wp-json\/wp\/v2\/posts\/20473\/revisions\/20477"}],"wp:featuredmedia":[{"embeddable":true,"href":"https:\/\/agora.xtec.cat\/esc-renaixencahostalets\/wp-json\/wp\/v2\/media\/20475"}],"wp:attachment":[{"href":"https:\/\/agora.xtec.cat\/esc-renaixencahostalets\/wp-json\/wp\/v2\/media?parent=20473"}],"wp:term":[{"taxonomy":"category","embeddable":true,"href":"https:\/\/agora.xtec.cat\/esc-renaixencahostalets\/wp-json\/wp\/v2\/categories?post=20473"},{"taxonomy":"post_tag","embeddable":true,"href":"https:\/\/agora.xtec.cat\/esc-renaixencahostalets\/wp-json\/wp\/v2\/tags?post=20473"}],"curies":[{"name":"wp","href":"https:\/\/api.w.org\/{rel}","templated":true}]}}