{"id":20468,"date":"2022-12-02T07:15:01","date_gmt":"2022-12-02T06:15:01","guid":{"rendered":"https:\/\/agora.xtec.cat\/esc-renaixencahostalets\/?p=20468"},"modified":"2022-12-02T07:19:37","modified_gmt":"2022-12-02T06:19:37","slug":"cursa-solidaria-per-la-marato-de-tv3","status":"publish","type":"post","link":"https:\/\/agora.xtec.cat\/esc-renaixencahostalets\/general\/cursa-solidaria-per-la-marato-de-tv3\/","title":{"rendered":"Cursa solid\u00e0ria per la Marat\u00f3 de TV3."},"content":{"rendered":"<p>El <strong>dimecres 7 de desembre al mat\u00ed<\/strong> l&#8217;alumnat de l&#8217;Institut Escola Renaixen\u00e7a participar\u00e0 en la <strong>cursa solid\u00e0ria per la <a href=\"https:\/\/www.ccma.cat\/tv3\/marato\/\">Marat\u00f3 de TV3<\/a><\/strong>, que enguany va per la salut cardiovascular. Com cada any, la cursa es correr\u00e0 pel pati del centre. Cal que aquell dia l&#8217;alumnat vingui amb <strong>roba i cal\u00e7at esportiu<\/strong>. Es recomana que portin <strong>el xandall i la samarreta de l&#8217;IE Renaixen\u00e7a<\/strong> que es pot encarregar a trav\u00e9s de la p\u00e0gina web <a href=\"https:\/\/www.soymar.com\/t2\/-c35021771\"><strong>Soymar<\/strong><\/a>. Enguany aquesta cursa presenta dues novetats importants. Per una banda, <strong>es donar\u00e0 una pe\u00e7a de fruita a tot l\u2019alumnat<\/strong> del centre despr\u00e9s d\u2019haver participat en la cursa <strong>gr\u00e0cies a l\u2019AFA i a Cal Masi\u00e0<\/strong>. Per altra banda, <strong>les fam\u00edlies podran entrar<\/strong> per la porta lateral del centre (C\/Salvador Espriu) <strong>per animar <\/strong>als seus fills o a les seves filles i\/o<strong> per c\u00f3rrer<\/strong> despr\u00e9s que ho facin els grups-classe de cada franja hor\u00e0ria.<\/p>\n<p>Les fam\u00edlies i tot el personal del centre podreu participar fent <b>donatius<\/b>, que\u00a0es podran fer de dues maneres:<\/p>\n<p>1- Per transfer\u00e8ncia banc\u00e0ria al n\u00famero de compte: ES74 0182 0233 1902 0228 8888\u00a0 fins al 16 de desembre. L&#8217;entitat i el beneficiari \u00e9s l&#8217;Institut Escola Renaixen\u00e7a i el concepte &#8220;Cursa solid\u00e0ria marat\u00f3&#8221;.<\/p>\n<p>2- En efectiu, dins\u00a0 una caixa que hi haur\u00e0 el dia 7 de desembre a l&#8217;entrada principal del centre a les 9 i a les 13 h.<\/p>\n<p>Un cop recollides les aportacions de les fam\u00edlies i de l&#8217;equip docent el centre far\u00e0 un donatiu amb la quantitat total al compte oficial de La Marat\u00f3 de TV3.<\/p>\n<p>Aprofitem per agrair la col\u00b7laboraci\u00f3 de <strong>l&#8217;Ajuntament dels Hostalets de Pierola, de l&#8217;AFA de l&#8217;IE Renaixen\u00e7a i de Cal Masi\u00e0.<\/strong><\/p>\n<p>Aquest \u00e9s el cartell de la cursa d\u2019enguany:<\/p>\n<p><img loading=\"lazy\" decoding=\"async\" class=\"aligncenter size-full wp-image-20469\" src=\"https:\/\/agora.xtec.cat\/esc-renaixencahostalets\/wp-content\/uploads\/usu1823\/2022\/12\/Cursa-per-la-Marato-2022-IE-Renaixenca.jpg\" alt=\"\" width=\"1587\" height=\"2245\" srcset=\"https:\/\/agora.xtec.cat\/esc-renaixencahostalets\/wp-content\/uploads\/usu1823\/2022\/12\/Cursa-per-la-Marato-2022-IE-Renaixenca.jpg 1587w, https:\/\/agora.xtec.cat\/esc-renaixencahostalets\/wp-content\/uploads\/usu1823\/2022\/12\/Cursa-per-la-Marato-2022-IE-Renaixenca-212x300.jpg 212w, https:\/\/agora.xtec.cat\/esc-renaixencahostalets\/wp-content\/uploads\/usu1823\/2022\/12\/Cursa-per-la-Marato-2022-IE-Renaixenca-724x1024.jpg 724w, https:\/\/agora.xtec.cat\/esc-renaixencahostalets\/wp-content\/uploads\/usu1823\/2022\/12\/Cursa-per-la-Marato-2022-IE-Renaixenca-768x1086.jpg 768w, https:\/\/agora.xtec.cat\/esc-renaixencahostalets\/wp-content\/uploads\/usu1823\/2022\/12\/Cursa-per-la-Marato-2022-IE-Renaixenca-1086x1536.jpg 1086w, https:\/\/agora.xtec.cat\/esc-renaixencahostalets\/wp-content\/uploads\/usu1823\/2022\/12\/Cursa-per-la-Marato-2022-IE-Renaixenca-1448x2048.jpg 1448w\" sizes=\"auto, (max-width: 1587px) 100vw, 1587px\" \/><\/p>\n<p>&nbsp;<\/p>\n","protected":false},"excerpt":{"rendered":"<p>El dimecres 7 de desembre al mat\u00ed l&#8217;alumnat de l&#8217;Institut Escola Renaixen\u00e7a participar\u00e0 en la cursa solid\u00e0ria per la <a href=\"https:\/\/www.ccma.cat\/tv3\/marato\/\">Marat\u00f3 de TV3<\/a>, que enguany va per la salut cardiovascular. Com cada any, la cursa es correr\u00e0 pel pati del centre. Cal que aquell dia&hellip;  <a href=\"https:\/\/agora.xtec.cat\/esc-renaixencahostalets\/general\/cursa-solidaria-per-la-marato-de-tv3\/\" title=\"Read Cursa solid\u00e0ria per la Marat\u00f3 de TV3.\">Llegeix m\u00e9s\u00bb<\/a><\/p>\n","protected":false},"author":26,"featured_media":20469,"comment_status":"closed","ping_status":"closed","sticky":false,"template":"","format":"standard","meta":{"_bbp_topic_count":0,"_bbp_reply_count":0,"_bbp_total_topic_count":0,"_bbp_total_reply_count":0,"_bbp_voice_count":0,"_bbp_anonymous_reply_count":0,"_bbp_topic_count_hidden":0,"_bbp_reply_count_hidden":0,"_bbp_forum_subforum_count":0,"footnotes":""},"categories":[154,1],"tags":[],"class_list":["post-20468","post","type-post","status-publish","format-standard","has-post-thumbnail","hentry","category-educacio-fisica","category-general"],"post_mailing_queue_ids":[],"_links":{"self":[{"href":"https:\/\/agora.xtec.cat\/esc-renaixencahostalets\/wp-json\/wp\/v2\/posts\/20468","targetHints":{"allow":["GET"]}}],"collection":[{"href":"https:\/\/agora.xtec.cat\/esc-renaixencahostalets\/wp-json\/wp\/v2\/posts"}],"about":[{"href":"https:\/\/agora.xtec.cat\/esc-renaixencahostalets\/wp-json\/wp\/v2\/types\/post"}],"author":[{"embeddable":true,"href":"https:\/\/agora.xtec.cat\/esc-renaixencahostalets\/wp-json\/wp\/v2\/users\/26"}],"replies":[{"embeddable":true,"href":"https:\/\/agora.xtec.cat\/esc-renaixencahostalets\/wp-json\/wp\/v2\/comments?post=20468"}],"version-history":[{"count":3,"href":"https:\/\/agora.xtec.cat\/esc-renaixencahostalets\/wp-json\/wp\/v2\/posts\/20468\/revisions"}],"predecessor-version":[{"id":20472,"href":"https:\/\/agora.xtec.cat\/esc-renaixencahostalets\/wp-json\/wp\/v2\/posts\/20468\/revisions\/20472"}],"wp:featuredmedia":[{"embeddable":true,"href":"https:\/\/agora.xtec.cat\/esc-renaixencahostalets\/wp-json\/wp\/v2\/media\/20469"}],"wp:attachment":[{"href":"https:\/\/agora.xtec.cat\/esc-renaixencahostalets\/wp-json\/wp\/v2\/media?parent=20468"}],"wp:term":[{"taxonomy":"category","embeddable":true,"href":"https:\/\/agora.xtec.cat\/esc-renaixencahostalets\/wp-json\/wp\/v2\/categories?post=20468"},{"taxonomy":"post_tag","embeddable":true,"href":"https:\/\/agora.xtec.cat\/esc-renaixencahostalets\/wp-json\/wp\/v2\/tags?post=20468"}],"curies":[{"name":"wp","href":"https:\/\/api.w.org\/{rel}","templated":true}]}}