{"id":20373,"date":"2022-06-10T12:44:32","date_gmt":"2022-06-10T10:44:32","guid":{"rendered":"https:\/\/agora.xtec.cat\/esc-renaixencahostalets\/?p=20373"},"modified":"2022-06-10T12:50:24","modified_gmt":"2022-06-10T10:50:24","slug":"llista-dadmesos-i-llista-despera","status":"publish","type":"post","link":"https:\/\/agora.xtec.cat\/esc-renaixencahostalets\/general\/llista-dadmesos-i-llista-despera\/","title":{"rendered":"Llista d&#8217;admesos i llista d&#8217;espera"},"content":{"rendered":"<p><a href=\"https:\/\/agora.xtec.cat\/esc-renaixencahostalets\/wp-content\/uploads\/usu1823\/2022\/03\/banner-pre-real.jpg\"><img loading=\"lazy\" decoding=\"async\" class=\"alignnone wp-image-20245\" src=\"https:\/\/agora.xtec.cat\/esc-renaixencahostalets\/wp-content\/uploads\/usu1823\/2022\/03\/banner-pre-real-1024x200.jpg\" alt=\"\" width=\"389\" height=\"76\" srcset=\"https:\/\/agora.xtec.cat\/esc-renaixencahostalets\/wp-content\/uploads\/usu1823\/2022\/03\/banner-pre-real-1024x200.jpg 1024w, https:\/\/agora.xtec.cat\/esc-renaixencahostalets\/wp-content\/uploads\/usu1823\/2022\/03\/banner-pre-real-300x59.jpg 300w, https:\/\/agora.xtec.cat\/esc-renaixencahostalets\/wp-content\/uploads\/usu1823\/2022\/03\/banner-pre-real-768x150.jpg 768w, https:\/\/agora.xtec.cat\/esc-renaixencahostalets\/wp-content\/uploads\/usu1823\/2022\/03\/banner-pre-real-1536x301.jpg 1536w, https:\/\/agora.xtec.cat\/esc-renaixencahostalets\/wp-content\/uploads\/usu1823\/2022\/03\/banner-pre-real.jpg 1900w\" sizes=\"auto, (max-width: 389px) 100vw, 389px\" \/><\/a><\/p>\n<p>Benvolgudes fam\u00edlies<\/p>\n<p>A continuaci\u00f3 us facilitem l&#8217;enlla\u00e7 a les llistes d&#8217;admesos i d&#8217;espera.<\/p>\n<p><a href=\"https:\/\/agora.xtec.cat\/esc-renaixencahostalets\/wp-content\/uploads\/usu1823\/2022\/06\/INFORME_ASSIGNADES_INFORME_ASSIGNADES.pdf\">alumnes assignats al centre<\/a><\/p>\n<p><a href=\"https:\/\/agora.xtec.cat\/esc-renaixencahostalets\/wp-content\/uploads\/usu1823\/2022\/06\/INFORME_LLISTA_ESPERA_OME_LLISTA_ESPERA.pdf\">Alumnes en llista d&#8217;espera<\/a><\/p>\n<p>Les fam\u00edlies que hagin aconseguit pla\u00e7a al nostre centre hauran de finalitzar el proc\u00e9s de matr\u00edcula del 21 al 29 de juny de 2022.<\/p>\n<p>L&#8217;horari per la recollida i entrega signada de les autoritzacions ser\u00e0 el seg\u00fcent: de 9 a 14h a la consergeria o secretaria del centre.<\/p>\n","protected":false},"excerpt":{"rendered":"<p><a href=\"https:\/\/agora.xtec.cat\/esc-renaixencahostalets\/wp-content\/uploads\/usu1823\/2022\/03\/banner-pre-real.jpg\"><\/a><br \/>\nBenvolgudes fam\u00edlies<br \/>\nA continuaci\u00f3 us facilitem l&#8217;enlla\u00e7 a les llistes d&#8217;admesos i d&#8217;espera.<br \/>\n<a href=\"https:\/\/agora.xtec.cat\/esc-renaixencahostalets\/wp-content\/uploads\/usu1823\/2022\/06\/INFORME_ASSIGNADES_INFORME_ASSIGNADES.pdf\">alumnes assignats al centre<\/a><br \/>\n<a href=\"https:\/\/agora.xtec.cat\/esc-renaixencahostalets\/wp-content\/uploads\/usu1823\/2022\/06\/INFORME_LLISTA_ESPERA_OME_LLISTA_ESPERA.pdf\">Alumnes en llista d&#8217;espera<\/a><br \/>\nLes fam\u00edlies que hagin aconseguit pla\u00e7a al nostre centre hauran de finalitzar el proc\u00e9s de matr\u00edcula del 21 al 29 de juny de 2022.<br \/>\nL&#8217;horari per&hellip;  <a href=\"https:\/\/agora.xtec.cat\/esc-renaixencahostalets\/general\/llista-dadmesos-i-llista-despera\/\" title=\"Read Llista d&#8217;admesos i llista d&#8217;espera\">Llegeix m\u00e9s\u00bb<\/a><\/p>\n","protected":false},"author":5,"featured_media":20245,"comment_status":"open","ping_status":"closed","sticky":false,"template":"","format":"standard","meta":{"_bbp_topic_count":0,"_bbp_reply_count":0,"_bbp_total_topic_count":0,"_bbp_total_reply_count":0,"_bbp_voice_count":0,"_bbp_anonymous_reply_count":0,"_bbp_topic_count_hidden":0,"_bbp_reply_count_hidden":0,"_bbp_forum_subforum_count":0,"footnotes":""},"categories":[1,105],"tags":[],"class_list":["post-20373","post","type-post","status-publish","format-standard","has-post-thumbnail","hentry","category-general","category-preinscripcions"],"post_mailing_queue_ids":[],"_links":{"self":[{"href":"https:\/\/agora.xtec.cat\/esc-renaixencahostalets\/wp-json\/wp\/v2\/posts\/20373","targetHints":{"allow":["GET"]}}],"collection":[{"href":"https:\/\/agora.xtec.cat\/esc-renaixencahostalets\/wp-json\/wp\/v2\/posts"}],"about":[{"href":"https:\/\/agora.xtec.cat\/esc-renaixencahostalets\/wp-json\/wp\/v2\/types\/post"}],"author":[{"embeddable":true,"href":"https:\/\/agora.xtec.cat\/esc-renaixencahostalets\/wp-json\/wp\/v2\/users\/5"}],"replies":[{"embeddable":true,"href":"https:\/\/agora.xtec.cat\/esc-renaixencahostalets\/wp-json\/wp\/v2\/comments?post=20373"}],"version-history":[{"count":3,"href":"https:\/\/agora.xtec.cat\/esc-renaixencahostalets\/wp-json\/wp\/v2\/posts\/20373\/revisions"}],"predecessor-version":[{"id":20379,"href":"https:\/\/agora.xtec.cat\/esc-renaixencahostalets\/wp-json\/wp\/v2\/posts\/20373\/revisions\/20379"}],"wp:featuredmedia":[{"embeddable":true,"href":"https:\/\/agora.xtec.cat\/esc-renaixencahostalets\/wp-json\/wp\/v2\/media\/20245"}],"wp:attachment":[{"href":"https:\/\/agora.xtec.cat\/esc-renaixencahostalets\/wp-json\/wp\/v2\/media?parent=20373"}],"wp:term":[{"taxonomy":"category","embeddable":true,"href":"https:\/\/agora.xtec.cat\/esc-renaixencahostalets\/wp-json\/wp\/v2\/categories?post=20373"},{"taxonomy":"post_tag","embeddable":true,"href":"https:\/\/agora.xtec.cat\/esc-renaixencahostalets\/wp-json\/wp\/v2\/tags?post=20373"}],"curies":[{"name":"wp","href":"https:\/\/api.w.org\/{rel}","templated":true}]}}