{"id":20370,"date":"2022-06-09T12:24:20","date_gmt":"2022-06-09T10:24:20","guid":{"rendered":"https:\/\/agora.xtec.cat\/esc-renaixencahostalets\/?p=20370"},"modified":"2022-06-09T12:25:40","modified_gmt":"2022-06-09T10:25:40","slug":"oferta-definitiva-de-vacants","status":"publish","type":"post","link":"https:\/\/agora.xtec.cat\/esc-renaixencahostalets\/general\/oferta-definitiva-de-vacants\/","title":{"rendered":"Oferta definitiva de vacants"},"content":{"rendered":"<p><a href=\"https:\/\/agora.xtec.cat\/esc-renaixencahostalets\/wp-content\/uploads\/usu1823\/2022\/03\/banner-pre-real.jpg\"><img loading=\"lazy\" decoding=\"async\" class=\"alignnone wp-image-20245\" src=\"https:\/\/agora.xtec.cat\/esc-renaixencahostalets\/wp-content\/uploads\/usu1823\/2022\/03\/banner-pre-real-1024x200.jpg\" alt=\"\" width=\"256\" height=\"50\" srcset=\"https:\/\/agora.xtec.cat\/esc-renaixencahostalets\/wp-content\/uploads\/usu1823\/2022\/03\/banner-pre-real-1024x200.jpg 1024w, https:\/\/agora.xtec.cat\/esc-renaixencahostalets\/wp-content\/uploads\/usu1823\/2022\/03\/banner-pre-real-300x59.jpg 300w, https:\/\/agora.xtec.cat\/esc-renaixencahostalets\/wp-content\/uploads\/usu1823\/2022\/03\/banner-pre-real-768x150.jpg 768w, https:\/\/agora.xtec.cat\/esc-renaixencahostalets\/wp-content\/uploads\/usu1823\/2022\/03\/banner-pre-real-1536x301.jpg 1536w, https:\/\/agora.xtec.cat\/esc-renaixencahostalets\/wp-content\/uploads\/usu1823\/2022\/03\/banner-pre-real.jpg 1900w\" sizes=\"auto, (max-width: 256px) 100vw, 256px\" \/><\/a><\/p>\n<p>Benvolgudes fam\u00edlies<\/p>\n<p>Us donen a con\u00e8ixer, a trav\u00e9s del seg\u00fcent enlla\u00e7 l&#8217;oferta definitiva de vacants del nostre centre pel proper curs escolar 2022\/23<\/p>\n<p><a href=\"https:\/\/agora.xtec.cat\/esc-renaixencahostalets\/wp-content\/uploads\/usu1823\/2022\/06\/oferta-definitiva.pdf\">oferta definitiva<\/a><\/p>\n","protected":false},"excerpt":{"rendered":"<p><a href=\"https:\/\/agora.xtec.cat\/esc-renaixencahostalets\/wp-content\/uploads\/usu1823\/2022\/03\/banner-pre-real.jpg\"><\/a><br \/>\nBenvolgudes fam\u00edlies<br \/>\nUs donen a con\u00e8ixer, a trav\u00e9s del seg\u00fcent enlla\u00e7 l&#8217;oferta definitiva de vacants del nostre centre pel proper curs escolar 2022\/23<br \/>\n<a href=\"https:\/\/agora.xtec.cat\/esc-renaixencahostalets\/wp-content\/uploads\/usu1823\/2022\/06\/oferta-definitiva.pdf\">oferta definitiva<\/a><\/p>\n","protected":false},"author":5,"featured_media":20245,"comment_status":"closed","ping_status":"closed","sticky":false,"template":"","format":"standard","meta":{"_bbp_topic_count":0,"_bbp_reply_count":0,"_bbp_total_topic_count":0,"_bbp_total_reply_count":0,"_bbp_voice_count":0,"_bbp_anonymous_reply_count":0,"_bbp_topic_count_hidden":0,"_bbp_reply_count_hidden":0,"_bbp_forum_subforum_count":0,"footnotes":""},"categories":[1,105],"tags":[],"class_list":["post-20370","post","type-post","status-publish","format-standard","has-post-thumbnail","hentry","category-general","category-preinscripcions"],"post_mailing_queue_ids":[],"_links":{"self":[{"href":"https:\/\/agora.xtec.cat\/esc-renaixencahostalets\/wp-json\/wp\/v2\/posts\/20370","targetHints":{"allow":["GET"]}}],"collection":[{"href":"https:\/\/agora.xtec.cat\/esc-renaixencahostalets\/wp-json\/wp\/v2\/posts"}],"about":[{"href":"https:\/\/agora.xtec.cat\/esc-renaixencahostalets\/wp-json\/wp\/v2\/types\/post"}],"author":[{"embeddable":true,"href":"https:\/\/agora.xtec.cat\/esc-renaixencahostalets\/wp-json\/wp\/v2\/users\/5"}],"replies":[{"embeddable":true,"href":"https:\/\/agora.xtec.cat\/esc-renaixencahostalets\/wp-json\/wp\/v2\/comments?post=20370"}],"version-history":[{"count":1,"href":"https:\/\/agora.xtec.cat\/esc-renaixencahostalets\/wp-json\/wp\/v2\/posts\/20370\/revisions"}],"predecessor-version":[{"id":20372,"href":"https:\/\/agora.xtec.cat\/esc-renaixencahostalets\/wp-json\/wp\/v2\/posts\/20370\/revisions\/20372"}],"wp:featuredmedia":[{"embeddable":true,"href":"https:\/\/agora.xtec.cat\/esc-renaixencahostalets\/wp-json\/wp\/v2\/media\/20245"}],"wp:attachment":[{"href":"https:\/\/agora.xtec.cat\/esc-renaixencahostalets\/wp-json\/wp\/v2\/media?parent=20370"}],"wp:term":[{"taxonomy":"category","embeddable":true,"href":"https:\/\/agora.xtec.cat\/esc-renaixencahostalets\/wp-json\/wp\/v2\/categories?post=20370"},{"taxonomy":"post_tag","embeddable":true,"href":"https:\/\/agora.xtec.cat\/esc-renaixencahostalets\/wp-json\/wp\/v2\/tags?post=20370"}],"curies":[{"name":"wp","href":"https:\/\/api.w.org\/{rel}","templated":true}]}}