{"id":20359,"date":"2022-06-30T19:29:34","date_gmt":"2022-06-30T17:29:34","guid":{"rendered":"https:\/\/agora.xtec.cat\/esc-renaixencahostalets\/?p=20359"},"modified":"2022-06-27T15:42:14","modified_gmt":"2022-06-27T13:42:14","slug":"actuacio-de-falcons","status":"publish","type":"post","link":"https:\/\/agora.xtec.cat\/esc-renaixencahostalets\/general\/actuacio-de-falcons\/","title":{"rendered":"Actuaci\u00f3 de falcons."},"content":{"rendered":"<p>El passat dijous 2 de juny l&#8217;alumnat de 3r i 5\u00e8 va dur a terme una actuaci\u00f3 de Falcons a la pista del pati de l&#8217;Institut Escola Renaixen\u00e7a. Van poder gaudir-ne les fam\u00edlies de l&#8217;alumnat que va dur a terme l&#8217;actuaci\u00f3, la resta d&#8217;alumnat i equip docent del centre.<\/p>\n<p>Aquesta activitat va ser la culminaci\u00f3 d&#8217;un seguit de sessions d&#8217;educaci\u00f3 f\u00edsica en les que l&#8217;alumnat va practicar figures de falcons amb l&#8217;ajuda i la col\u00b7laboraci\u00f3 de diverses persones dels Falcons de Piera. D&#8217;aquesta manera, l&#8217;alumnat ha pogut con\u00e8ixer que \u00e9s imprescindible el sentit com\u00fa, l&#8217;esfor\u00e7 personal i col\u00b7lectiu, la solidaritat, la capacitat d&#8217;organitzaci\u00f3, l&#8217;acceptaci\u00f3, la cooperaci\u00f3, la pluralitat i el respecte per enlairar construccions humanes.<\/p>\n<p>Podreu accedir a les fotografies clicant al grup que us correspon amb la vostra clau a continuaci\u00f3:<\/p>\n<ul style=\"list-style-type: circle;\">\n<li>Fotografies falcons 3r A.<\/li>\n<li>Fotografies falcons 3r B.<\/li>\n<li>Fotografies falcons 5\u00e8 A.<\/li>\n<li>Fotografies falcons 5\u00e8 B.<\/li>\n<\/ul>\n<p><a href=\"https:\/\/agora.xtec.cat\/esc-renaixencahostalets\/wp-content\/uploads\/usu1823\/2022\/06\/Falcons2.jpg\"><img loading=\"lazy\" decoding=\"async\" class=\"aligncenter size-full wp-image-20361\" src=\"https:\/\/agora.xtec.cat\/esc-renaixencahostalets\/wp-content\/uploads\/usu1823\/2022\/06\/Falcons2.jpg\" alt=\"\" width=\"1999\" height=\"713\" srcset=\"https:\/\/agora.xtec.cat\/esc-renaixencahostalets\/wp-content\/uploads\/usu1823\/2022\/06\/Falcons2.jpg 1999w, https:\/\/agora.xtec.cat\/esc-renaixencahostalets\/wp-content\/uploads\/usu1823\/2022\/06\/Falcons2-300x107.jpg 300w, https:\/\/agora.xtec.cat\/esc-renaixencahostalets\/wp-content\/uploads\/usu1823\/2022\/06\/Falcons2-1024x365.jpg 1024w, https:\/\/agora.xtec.cat\/esc-renaixencahostalets\/wp-content\/uploads\/usu1823\/2022\/06\/Falcons2-768x274.jpg 768w, https:\/\/agora.xtec.cat\/esc-renaixencahostalets\/wp-content\/uploads\/usu1823\/2022\/06\/Falcons2-1536x548.jpg 1536w\" sizes=\"auto, (max-width: 1999px) 100vw, 1999px\" \/><\/a><\/p>\n","protected":false},"excerpt":{"rendered":"<p>El passat dijous 2 de juny l&#8217;alumnat de 3r i 5\u00e8 va dur a terme una actuaci\u00f3 de Falcons a la pista del pati de l&#8217;Institut Escola Renaixen\u00e7a.&hellip;  <a href=\"https:\/\/agora.xtec.cat\/esc-renaixencahostalets\/general\/actuacio-de-falcons\/\" title=\"Read Actuaci\u00f3 de falcons.\">Llegeix m\u00e9s\u00bb<\/a><\/p>\n","protected":false},"author":26,"featured_media":20360,"comment_status":"closed","ping_status":"closed","sticky":false,"template":"","format":"standard","meta":{"_bbp_topic_count":0,"_bbp_reply_count":0,"_bbp_total_topic_count":0,"_bbp_total_reply_count":0,"_bbp_voice_count":0,"_bbp_anonymous_reply_count":0,"_bbp_topic_count_hidden":0,"_bbp_reply_count_hidden":0,"_bbp_forum_subforum_count":0,"footnotes":""},"categories":[12,14,154,1],"tags":[],"class_list":["post-20359","post","type-post","status-publish","format-standard","has-post-thumbnail","hentry","category-3r","category-5e","category-educacio-fisica","category-general"],"post_mailing_queue_ids":[],"_links":{"self":[{"href":"https:\/\/agora.xtec.cat\/esc-renaixencahostalets\/wp-json\/wp\/v2\/posts\/20359","targetHints":{"allow":["GET"]}}],"collection":[{"href":"https:\/\/agora.xtec.cat\/esc-renaixencahostalets\/wp-json\/wp\/v2\/posts"}],"about":[{"href":"https:\/\/agora.xtec.cat\/esc-renaixencahostalets\/wp-json\/wp\/v2\/types\/post"}],"author":[{"embeddable":true,"href":"https:\/\/agora.xtec.cat\/esc-renaixencahostalets\/wp-json\/wp\/v2\/users\/26"}],"replies":[{"embeddable":true,"href":"https:\/\/agora.xtec.cat\/esc-renaixencahostalets\/wp-json\/wp\/v2\/comments?post=20359"}],"version-history":[{"count":1,"href":"https:\/\/agora.xtec.cat\/esc-renaixencahostalets\/wp-json\/wp\/v2\/posts\/20359\/revisions"}],"predecessor-version":[{"id":20362,"href":"https:\/\/agora.xtec.cat\/esc-renaixencahostalets\/wp-json\/wp\/v2\/posts\/20359\/revisions\/20362"}],"wp:featuredmedia":[{"embeddable":true,"href":"https:\/\/agora.xtec.cat\/esc-renaixencahostalets\/wp-json\/wp\/v2\/media\/20360"}],"wp:attachment":[{"href":"https:\/\/agora.xtec.cat\/esc-renaixencahostalets\/wp-json\/wp\/v2\/media?parent=20359"}],"wp:term":[{"taxonomy":"category","embeddable":true,"href":"https:\/\/agora.xtec.cat\/esc-renaixencahostalets\/wp-json\/wp\/v2\/categories?post=20359"},{"taxonomy":"post_tag","embeddable":true,"href":"https:\/\/agora.xtec.cat\/esc-renaixencahostalets\/wp-json\/wp\/v2\/tags?post=20359"}],"curies":[{"name":"wp","href":"https:\/\/api.w.org\/{rel}","templated":true}]}}