{"id":20308,"date":"2022-04-19T17:09:08","date_gmt":"2022-04-19T15:09:08","guid":{"rendered":"https:\/\/agora.xtec.cat\/esc-renaixencahostalets\/?p=20308"},"modified":"2022-04-21T11:11:13","modified_gmt":"2022-04-21T09:11:13","slug":"convocatoria-ajuts-de-menjador","status":"publish","type":"post","link":"https:\/\/agora.xtec.cat\/esc-renaixencahostalets\/general\/convocatoria-ajuts-de-menjador\/","title":{"rendered":"Convocat\u00f2ria Ajuts de Menjador"},"content":{"rendered":"<p><img loading=\"lazy\" decoding=\"async\" class=\"\" src=\"https:\/\/www.anoia.cat\/wp-content\/uploads\/2020\/09\/logoweb@2x.png\" alt=\"Consell Comarcal de l'Anoia\" width=\"248\" height=\"87\" \/><a href=\"https:\/\/agora.xtec.cat\/esc-renaixencahostalets\/wp-content\/uploads\/usu1823\/2020\/02\/bol-fruita.jpg\"><img loading=\"lazy\" decoding=\"async\" class=\"wp-image-6434 alignleft\" src=\"https:\/\/agora.xtec.cat\/esc-renaixencahostalets\/wp-content\/uploads\/usu1823\/2020\/02\/bol-fruita.jpg\" alt=\"\" width=\"143\" height=\"143\" srcset=\"https:\/\/agora.xtec.cat\/esc-renaixencahostalets\/wp-content\/uploads\/usu1823\/2020\/02\/bol-fruita.jpg 225w, https:\/\/agora.xtec.cat\/esc-renaixencahostalets\/wp-content\/uploads\/usu1823\/2020\/02\/bol-fruita-150x150.jpg 150w\" sizes=\"auto, (max-width: 143px) 100vw, 143px\" \/><\/a><\/p>\n<p>&nbsp;<\/p>\n<p><strong>Benvolgudes fam\u00edlies<\/strong><\/p>\n<p>El Consell Comarcal de l&#8217;Anoia ha obert la convocat\u00f2ria d&#8217;Ajuts de Menjador pel proper curs 2022\/23.<\/p>\n<p>&nbsp;<\/p>\n<p><strong>Preguntes freq\u00fcents:<\/strong><\/p>\n<p><strong>1) El per\u00edode de sol.licitud<\/strong>\u00a0\u00e9s del 25\/04\/2022 al 22\/05\/2022<\/p>\n<p><strong>2) C\u00f3m es fa?<\/strong>: les fam\u00edlies ho heu de fer mitjan\u00e7ant internet a la seg\u00fcent adre\u00e7a: <a href=\"https:\/\/anoia.pigaim.cat\/inscripcions\/\" target=\"_blank\" rel=\"noreferrer noopener\">https:\/\/anoia.pigaim.cat\/inscripcions\/<\/a><\/p>\n<p><strong>3)<\/strong>\u00a0<strong>Si ja es va demanar el curs anterior<\/strong>\u00a0i posen el mateix correu els sortir\u00e0 tot emplenat. Caldr\u00e0 revisar si tot \u00e9s correcte i modificar en cas de canvis.<\/p>\n<p><strong>4)<\/strong>\u00a0<strong>Si no recordeu la contrassenya<\/strong>, truqueu al Consell Comarcal al tf 938051585 (extensi\u00f3 323).<\/p>\n<p><strong>5)<\/strong>\u00a0<strong>No cal tornar a presentar la documentaci\u00f3<\/strong>. Nom\u00e9s en el cas de caducitats dels carnets.<\/p>\n<p><strong>6)<\/strong>\u00a0<strong>Les fam\u00edlies noves<\/strong>\u00a0hauran de fer tot el proc\u00e9s des de zero.<\/p>\n","protected":false},"excerpt":{"rendered":"<p>Ajuts Menjador 2022\/23&hellip;  <a href=\"https:\/\/agora.xtec.cat\/esc-renaixencahostalets\/general\/convocatoria-ajuts-de-menjador\/\" title=\"Read Convocat\u00f2ria Ajuts de Menjador\">Llegeix m\u00e9s\u00bb<\/a><\/p>\n","protected":false},"author":5,"featured_media":6434,"comment_status":"open","ping_status":"closed","sticky":false,"template":"","format":"standard","meta":{"_bbp_topic_count":0,"_bbp_reply_count":0,"_bbp_total_topic_count":0,"_bbp_total_reply_count":0,"_bbp_voice_count":0,"_bbp_anonymous_reply_count":0,"_bbp_topic_count_hidden":0,"_bbp_reply_count_hidden":0,"_bbp_forum_subforum_count":0,"footnotes":""},"categories":[104,1],"tags":[],"class_list":["post-20308","post","type-post","status-publish","format-standard","has-post-thumbnail","hentry","category-beques","category-general"],"post_mailing_queue_ids":[],"_links":{"self":[{"href":"https:\/\/agora.xtec.cat\/esc-renaixencahostalets\/wp-json\/wp\/v2\/posts\/20308","targetHints":{"allow":["GET"]}}],"collection":[{"href":"https:\/\/agora.xtec.cat\/esc-renaixencahostalets\/wp-json\/wp\/v2\/posts"}],"about":[{"href":"https:\/\/agora.xtec.cat\/esc-renaixencahostalets\/wp-json\/wp\/v2\/types\/post"}],"author":[{"embeddable":true,"href":"https:\/\/agora.xtec.cat\/esc-renaixencahostalets\/wp-json\/wp\/v2\/users\/5"}],"replies":[{"embeddable":true,"href":"https:\/\/agora.xtec.cat\/esc-renaixencahostalets\/wp-json\/wp\/v2\/comments?post=20308"}],"version-history":[{"count":3,"href":"https:\/\/agora.xtec.cat\/esc-renaixencahostalets\/wp-json\/wp\/v2\/posts\/20308\/revisions"}],"predecessor-version":[{"id":20311,"href":"https:\/\/agora.xtec.cat\/esc-renaixencahostalets\/wp-json\/wp\/v2\/posts\/20308\/revisions\/20311"}],"wp:featuredmedia":[{"embeddable":true,"href":"https:\/\/agora.xtec.cat\/esc-renaixencahostalets\/wp-json\/wp\/v2\/media\/6434"}],"wp:attachment":[{"href":"https:\/\/agora.xtec.cat\/esc-renaixencahostalets\/wp-json\/wp\/v2\/media?parent=20308"}],"wp:term":[{"taxonomy":"category","embeddable":true,"href":"https:\/\/agora.xtec.cat\/esc-renaixencahostalets\/wp-json\/wp\/v2\/categories?post=20308"},{"taxonomy":"post_tag","embeddable":true,"href":"https:\/\/agora.xtec.cat\/esc-renaixencahostalets\/wp-json\/wp\/v2\/tags?post=20308"}],"curies":[{"name":"wp","href":"https:\/\/api.w.org\/{rel}","templated":true}]}}