{"id":20260,"date":"2022-05-03T13:43:02","date_gmt":"2022-05-03T11:43:02","guid":{"rendered":"https:\/\/agora.xtec.cat\/esc-renaixencahostalets\/?p=20260"},"modified":"2022-05-03T13:43:02","modified_gmt":"2022-05-03T11:43:02","slug":"les-maquetes-ja-estan-acabades","status":"publish","type":"post","link":"https:\/\/agora.xtec.cat\/esc-renaixencahostalets\/general\/les-maquetes-ja-estan-acabades\/","title":{"rendered":"Les maquetes ja estan acabades!"},"content":{"rendered":"<p>Aquesta not\u00edcia l&#8217;hem fet a expressi\u00f3 escrita i cada equip n&#8217;ha fet una!<\/p>\n<p><strong>Versi\u00f3 1: Les maquetes de 4t les m\u00e9s maques del mercat.<\/strong><\/p>\n<p>El 28 de mar\u00e7 l&#8217;alumnat de 4t hem acabat les maquetes del projecte de les meves arrels i han quedat molt b\u00e9!<br \/>\nPrimer els doncents van fer els equips de cooperatiu pel projecte, vam proposar diferents edificis que voliem investigar i al final vam tenir una llista\u00a0 amb 7 edificis: La torre del senyor Enric, el casal Catal\u00e0, la torre del rellotge, Cal Piferrer, les antigues escoles, l&#8217;Ajuntament i Cal Maristany.<\/p>\n<p>Cada equip s&#8217;encarregaria de buscar la informaci\u00f3 d&#8217;un edifici i fer una maqueta per\u00f2 abans, haviem de practicar. Per aix\u00f2 vam retallar i construir diferents figures geom\u00e8triques amb volum.<\/p>\n<p>Per con\u00e8ixer aquests edificis, vam fer una excursi\u00f3 en la que vam mesurar l&#8217;amplada i la llargada de cada edifici, vam fer fotos de les fa\u00e7anes i tamb\u00e9 una foto molt especial en la que es veia la fa\u00e7ana completa amb algun alumne\/a sostenint un regle d&#8217;un metre. Aquesta foto ens serviria m\u00e9s endavant per calcular l&#8217;al\u00e7ada de l&#8217;edifici utilitzant l&#8217;escala.<\/p>\n<p>Per practicar com calcular la mida real d&#8217;un objecte utilitzant una foto i una escala, els mestres van fer una presentaci\u00f3 on teniem fotos de diferents objectes amb una escala d&#8217;un cm a la vida real. Algunes de les fotos estaven fetes de m\u00e9s aprop i d&#8217;altres de m\u00e9s lluny. Vam aprendre a utilitzar aquesta escala per calcular la mida de l&#8217;objecte de cada foto.<\/p>\n<p>Ara que ja sabiem com utilitzar l&#8217;escala vam utilitzar les fotos de les fa\u00e7anes amb el regle per calcular l&#8217;al\u00e7ada de l&#8217;edifici (repetint el regle de la imatge). Ara ja teniem l&#8217;al\u00e7ada, l&#8217;ampla i la llargada i podiem comen\u00e7ar a contruir les nostres maquetes.<\/p>\n<p>Vam utilitzar les mides per representar cada paret per separat i despr\u00e9s les vam unir de forma provisional amb cinta adhesiva. Vam utilitzar aquesta estructura provisional per calcar-la a una cartolina A3.<\/p>\n<p>En aquesta cartolina vam dibuixar-hi les fa\u00e7anes (utilitzant les fotos que haviem fet per intentar que s&#8217;assemblessin a les de veritat) i vam muntar la maqueta.<\/p>\n<p>M\u00e9s endavant ens van donar una foto a\u00e8rea de la zona on estava l&#8217;edifici per dibuixar l&#8217;entorn de la maqueta i pintar-lo. Mentrestant alguna acabaven l&#8217;entorn, altres equips estaven practicant la lectura de la informaci\u00f3 que havien trobat i quan ho tenien practicat ho enregistraven amb Audacity.<\/p>\n<p>Quan vam tenir totes les maquetes acabades i els audios enregistrats i editats vam preparar el Makey-makey i el programa d&#8217;Scratch perqu\u00e8 al tocar un bot\u00f3\u00a0 que afegiriem a la maqueta, es reprodu\u00eds l&#8217;audio que haviem enregistrat d&#8217;aquell edifici.<\/p>\n<p>Ara estem a l&#8217;espera que ens deixin un espai al passad\u00eds de l&#8217;entrada per poder-ho exposar juntament amb uns magn\u00edfics cartells que expliquen com utilitzar la maqueta i com ho vam fer.<\/p>\n<p>&nbsp;<\/p>\n<p><strong>Versi\u00f3 2: LES MAQUETES DEL NOSTRE PETIT POBLE<\/strong><\/p>\n<p><span style=\"font-weight: 400;\">Els alumnes del curs de 4t de l\u2019Institut Escola Renaixen\u00e7a han constru\u00eft unes maquetes dels edificis m\u00e9s emblem\u00e0tics del poble d\u2019Hostalets de Pierola.\u00a0<\/span><\/p>\n<p><span style=\"font-weight: 400;\">Han portat a terme aquesta activitat en grups durant el mes de mar\u00e7, un cop finalitzat el projecte \u201cLes meves arrels\u201d.<\/span><\/p>\n<p><span style=\"font-weight: 400;\">La fant\u00e0stica feina d\u2019aquests alumnes ha deixat a tota l\u2019escola bocabadada.<\/span><\/p>\n<p><span style=\"font-weight: 400;\">Com a \u00faltima tasca del projecte, per equips, hem constru\u00eft unes maquetes dels edificis m\u00e9s emblem\u00e0tics del poble. Per poder construir-les, abans hem investigat cadascun dels edificis (<\/span><i><span style=\"font-weight: 400;\">la Torre del Rellotge, la Torre del Sr.Enric, les Antigues Escoles, la Torre Maristany, el Casal Catal\u00e0, l\u2019Ajuntament i Cal Piferrer<\/span><\/i><span style=\"font-weight: 400;\">), hem treballat les formes geom\u00e8triques b\u00e0siques en 2D i 3D, i les relacions entre costats d\u2019una figura, la seva superf\u00edcie i el seu volum. Tamb\u00e9 hem apr\u00e8s com utilitzar l\u2019escala en un mapa per entendre les mides reals dels objectes.<\/span><\/p>\n<p>&nbsp;<\/p>\n","protected":false},"excerpt":{"rendered":"<p>Aquesta not\u00edcia l&#8217;hem fet a expressi\u00f3 escrita i cada equip n&#8217;ha fet una!<br \/>\nVersi\u00f3 1: Les maquetes de 4t les m\u00e9s maques del mercat.<br \/>\nEl 28 de mar\u00e7 l&#8217;alumnat de 4t hem acabat les maquetes del projecte de les meves arrels i han quedat molt b\u00e9!<br \/>\nPrimer els&hellip;  <a href=\"https:\/\/agora.xtec.cat\/esc-renaixencahostalets\/general\/les-maquetes-ja-estan-acabades\/\" title=\"Read Les maquetes ja estan acabades!\">Llegeix m\u00e9s\u00bb<\/a><\/p>\n","protected":false},"author":11,"featured_media":0,"comment_status":"open","ping_status":"closed","sticky":false,"template":"","format":"standard","meta":{"_bbp_topic_count":0,"_bbp_reply_count":0,"_bbp_total_topic_count":0,"_bbp_total_reply_count":0,"_bbp_voice_count":0,"_bbp_anonymous_reply_count":0,"_bbp_topic_count_hidden":0,"_bbp_reply_count_hidden":0,"_bbp_forum_subforum_count":0,"footnotes":""},"categories":[13,1,122],"tags":[],"class_list":["post-20260","post","type-post","status-publish","format-standard","hentry","category-4t","category-general","category-122"],"post_mailing_queue_ids":[],"_links":{"self":[{"href":"https:\/\/agora.xtec.cat\/esc-renaixencahostalets\/wp-json\/wp\/v2\/posts\/20260","targetHints":{"allow":["GET"]}}],"collection":[{"href":"https:\/\/agora.xtec.cat\/esc-renaixencahostalets\/wp-json\/wp\/v2\/posts"}],"about":[{"href":"https:\/\/agora.xtec.cat\/esc-renaixencahostalets\/wp-json\/wp\/v2\/types\/post"}],"author":[{"embeddable":true,"href":"https:\/\/agora.xtec.cat\/esc-renaixencahostalets\/wp-json\/wp\/v2\/users\/11"}],"replies":[{"embeddable":true,"href":"https:\/\/agora.xtec.cat\/esc-renaixencahostalets\/wp-json\/wp\/v2\/comments?post=20260"}],"version-history":[{"count":3,"href":"https:\/\/agora.xtec.cat\/esc-renaixencahostalets\/wp-json\/wp\/v2\/posts\/20260\/revisions"}],"predecessor-version":[{"id":20327,"href":"https:\/\/agora.xtec.cat\/esc-renaixencahostalets\/wp-json\/wp\/v2\/posts\/20260\/revisions\/20327"}],"wp:attachment":[{"href":"https:\/\/agora.xtec.cat\/esc-renaixencahostalets\/wp-json\/wp\/v2\/media?parent=20260"}],"wp:term":[{"taxonomy":"category","embeddable":true,"href":"https:\/\/agora.xtec.cat\/esc-renaixencahostalets\/wp-json\/wp\/v2\/categories?post=20260"},{"taxonomy":"post_tag","embeddable":true,"href":"https:\/\/agora.xtec.cat\/esc-renaixencahostalets\/wp-json\/wp\/v2\/tags?post=20260"}],"curies":[{"name":"wp","href":"https:\/\/api.w.org\/{rel}","templated":true}]}}