{"id":20249,"date":"2022-03-11T21:30:00","date_gmt":"2022-03-11T20:30:00","guid":{"rendered":"https:\/\/agora.xtec.cat\/esc-renaixencahostalets\/?p=20249"},"modified":"2022-03-11T21:31:50","modified_gmt":"2022-03-11T20:31:50","slug":"activitats-coeducatives-realitzades-durant-la-setmana-del-8m","status":"publish","type":"post","link":"https:\/\/agora.xtec.cat\/esc-renaixencahostalets\/general\/activitats-coeducatives-realitzades-durant-la-setmana-del-8m\/","title":{"rendered":"Activitats coeducatives realitzades durant la setmana del 8M."},"content":{"rendered":"<p>Aquesta setmana s&#8217;han celebrat un seguit d&#8217;activitats a l&#8217;Institut Escola Renaixen\u00e7a relacionades amb el 8M i la coeducaci\u00f3:<\/p>\n<ul>\n<li>La tem\u00e0tica del &#8220;Bon dia&#8221; d&#8217;aquesta setmana ha estat relacionada amb el 8M.<a style=\"color: #2795b6;\" href=\"https:\/\/agora.xtec.cat\/esc-renaixencahostalets\/wp-content\/uploads\/usu1823\/2022\/03\/aca03e84-4fc3-44d4-927a-dc2a25dbbc39.jpg\"><img loading=\"lazy\" decoding=\"async\" class=\"alignright wp-image-20251 size-medium\" src=\"https:\/\/agora.xtec.cat\/esc-renaixencahostalets\/wp-content\/uploads\/usu1823\/2022\/03\/aca03e84-4fc3-44d4-927a-dc2a25dbbc39-225x300.jpg\" alt=\"\" width=\"225\" height=\"300\" srcset=\"https:\/\/agora.xtec.cat\/esc-renaixencahostalets\/wp-content\/uploads\/usu1823\/2022\/03\/aca03e84-4fc3-44d4-927a-dc2a25dbbc39-225x300.jpg 225w, https:\/\/agora.xtec.cat\/esc-renaixencahostalets\/wp-content\/uploads\/usu1823\/2022\/03\/aca03e84-4fc3-44d4-927a-dc2a25dbbc39.jpg 768w\" sizes=\"auto, (max-width: 225px) 100vw, 225px\" \/><\/a><\/li>\n<li>L&#8217;alumnat d&#8217;ESO ha buscat, redactat i penjat a l&#8217;entrada del centre diferents biografies de dones de la hist\u00f2ria.<\/li>\n<li>L&#8217;alumnat d&#8217;educaci\u00f3 prim\u00e0ria i secund\u00e0ria del centre ha escrit i llegit alguns desitjos per millorar la situaci\u00f3 de les dones. Estan penjats tamb\u00e9 a l&#8217;entrada del centre.<\/li>\n<li>Els diferents grups-classe del centre han fet activitats a les aules relacionades amb la coeducaci\u00f3 i\/o amb el 8M.<\/li>\n<li>Les persones que conformen el Claustre de l&#8217;IE Renaixen\u00e7a han participat en el segon claustre de coeducaci\u00f3 d&#8217;aquest curs.<\/li>\n<li>El Claustre ha rebut una l\u00e0mina relacionada amb el 8M.<\/li>\n<li>La Comissi\u00f3 de coeducaci\u00f3 s&#8217;ha reunit amb l&#8217;AFA per segona vegada aquest curs.<\/li>\n<\/ul>\n<p><a href=\"https:\/\/agora.xtec.cat\/esc-renaixencahostalets\/wp-content\/uploads\/usu1823\/2022\/03\/Activitats-8M.pdf\">AQU\u00cd<\/a> hi trobareu un resum de tot el que us hem explicat.<\/p>\n<p>&nbsp;<\/p>\n<p>&nbsp;<\/p>\n<p>&nbsp;<\/p>\n<p>&nbsp;<\/p>\n<p>&nbsp;<\/p>\n","protected":false},"excerpt":{"rendered":"<p>Aquesta setmana s&#8217;han celebrat un seguit d&#8217;activitats a l&#8217;Institut Escola Renaixen\u00e7a relacionades amb el 8M i la coeducaci\u00f3.&hellip;  <a href=\"https:\/\/agora.xtec.cat\/esc-renaixencahostalets\/general\/activitats-coeducatives-realitzades-durant-la-setmana-del-8m\/\" title=\"Read Activitats coeducatives realitzades durant la setmana del 8M.\">Llegeix m\u00e9s\u00bb<\/a><\/p>\n","protected":false},"author":26,"featured_media":20251,"comment_status":"closed","ping_status":"closed","sticky":false,"template":"","format":"standard","meta":{"_bbp_topic_count":0,"_bbp_reply_count":0,"_bbp_total_topic_count":0,"_bbp_total_reply_count":0,"_bbp_voice_count":0,"_bbp_anonymous_reply_count":0,"_bbp_topic_count_hidden":0,"_bbp_reply_count_hidden":0,"_bbp_forum_subforum_count":0,"footnotes":""},"categories":[140,1],"tags":[],"class_list":["post-20249","post","type-post","status-publish","format-standard","has-post-thumbnail","hentry","category-coeducacio","category-general"],"post_mailing_queue_ids":[],"_links":{"self":[{"href":"https:\/\/agora.xtec.cat\/esc-renaixencahostalets\/wp-json\/wp\/v2\/posts\/20249","targetHints":{"allow":["GET"]}}],"collection":[{"href":"https:\/\/agora.xtec.cat\/esc-renaixencahostalets\/wp-json\/wp\/v2\/posts"}],"about":[{"href":"https:\/\/agora.xtec.cat\/esc-renaixencahostalets\/wp-json\/wp\/v2\/types\/post"}],"author":[{"embeddable":true,"href":"https:\/\/agora.xtec.cat\/esc-renaixencahostalets\/wp-json\/wp\/v2\/users\/26"}],"replies":[{"embeddable":true,"href":"https:\/\/agora.xtec.cat\/esc-renaixencahostalets\/wp-json\/wp\/v2\/comments?post=20249"}],"version-history":[{"count":3,"href":"https:\/\/agora.xtec.cat\/esc-renaixencahostalets\/wp-json\/wp\/v2\/posts\/20249\/revisions"}],"predecessor-version":[{"id":20254,"href":"https:\/\/agora.xtec.cat\/esc-renaixencahostalets\/wp-json\/wp\/v2\/posts\/20249\/revisions\/20254"}],"wp:featuredmedia":[{"embeddable":true,"href":"https:\/\/agora.xtec.cat\/esc-renaixencahostalets\/wp-json\/wp\/v2\/media\/20251"}],"wp:attachment":[{"href":"https:\/\/agora.xtec.cat\/esc-renaixencahostalets\/wp-json\/wp\/v2\/media?parent=20249"}],"wp:term":[{"taxonomy":"category","embeddable":true,"href":"https:\/\/agora.xtec.cat\/esc-renaixencahostalets\/wp-json\/wp\/v2\/categories?post=20249"},{"taxonomy":"post_tag","embeddable":true,"href":"https:\/\/agora.xtec.cat\/esc-renaixencahostalets\/wp-json\/wp\/v2\/tags?post=20249"}],"curies":[{"name":"wp","href":"https:\/\/api.w.org\/{rel}","templated":true}]}}