{"id":20187,"date":"2021-12-15T21:01:34","date_gmt":"2021-12-15T20:01:34","guid":{"rendered":"https:\/\/agora.xtec.cat\/esc-renaixencahostalets\/?p=20187"},"modified":"2021-12-15T21:01:34","modified_gmt":"2021-12-15T20:01:34","slug":"caminem-cap-a-la-coeducacio","status":"publish","type":"post","link":"https:\/\/agora.xtec.cat\/esc-renaixencahostalets\/general\/caminem-cap-a-la-coeducacio\/","title":{"rendered":"Caminem cap a la coeducaci\u00f3."},"content":{"rendered":"<p>Avui s&#8217;ha celebrat el primer claustre per parlar de coeducaci\u00f3 a l&#8217;Institut Escola Renaixen\u00e7a. La comissi\u00f3 de coeducaci\u00f3 ha preparat una exposici\u00f3 acompanyada de diverses din\u00e0miques en la que s&#8217;han tractat els seg\u00fcents punts:<\/p>\n<ul>\n<li aria-level=\"1\">La coeducaci\u00f3 i el meu Institut Escola (diagnosi dels punts forts i febles).<\/li>\n<\/ul>\n<ul>\n<li aria-level=\"1\">Conceptes clau.<\/li>\n<\/ul>\n<ul>\n<li aria-level=\"1\">La comissi\u00f3 de coeducaci\u00f3.<\/li>\n<\/ul>\n<ul>\n<li aria-level=\"1\">Protocol per a l&#8217;atenci\u00f3 i acompanyament de l&#8217;alumnat transg\u00e8nere.<\/li>\n<\/ul>\n<ul>\n<li aria-level=\"1\">Bibliografia i netgrafia.<\/li>\n<\/ul>\n\n\t\t<style type=\"text\/css\">\n\t\t\t#gallery-1 {\n\t\t\t\tmargin: auto;\n\t\t\t}\n\t\t\t#gallery-1 .gallery-item {\n\t\t\t\tfloat: left;\n\t\t\t\tmargin-top: 10px;\n\t\t\t\ttext-align: center;\n\t\t\t\twidth: 33%;\n\t\t\t}\n\t\t\t#gallery-1 img {\n\t\t\t\tborder: 2px solid #cfcfcf;\n\t\t\t}\n\t\t\t#gallery-1 .gallery-caption {\n\t\t\t\tmargin-left: 0;\n\t\t\t}\n\t\t\t\/* see gallery_shortcode() in wp-includes\/media.php *\/\n\t\t<\/style>\n\t\t<div id='gallery-1' class='gallery galleryid-20187 gallery-columns-3 gallery-size-medium'><dl class='gallery-item'>\n\t\t\t<dt class='gallery-icon landscape'>\n\t\t\t\t<a href='https:\/\/agora.xtec.cat\/esc-renaixencahostalets\/general\/caminem-cap-a-la-coeducacio\/attachment\/photo-2021-12-15-19-08-33\/'><img loading=\"lazy\" decoding=\"async\" width=\"300\" height=\"225\" src=\"https:\/\/agora.xtec.cat\/esc-renaixencahostalets\/wp-content\/uploads\/usu1823\/2021\/12\/PHOTO-2021-12-15-19-08-33-300x225.jpg\" class=\"attachment-medium size-medium\" alt=\"\" srcset=\"https:\/\/agora.xtec.cat\/esc-renaixencahostalets\/wp-content\/uploads\/usu1823\/2021\/12\/PHOTO-2021-12-15-19-08-33-300x225.jpg 300w, https:\/\/agora.xtec.cat\/esc-renaixencahostalets\/wp-content\/uploads\/usu1823\/2021\/12\/PHOTO-2021-12-15-19-08-33-1024x768.jpg 1024w, https:\/\/agora.xtec.cat\/esc-renaixencahostalets\/wp-content\/uploads\/usu1823\/2021\/12\/PHOTO-2021-12-15-19-08-33-768x576.jpg 768w, https:\/\/agora.xtec.cat\/esc-renaixencahostalets\/wp-content\/uploads\/usu1823\/2021\/12\/PHOTO-2021-12-15-19-08-33-1536x1152.jpg 1536w, https:\/\/agora.xtec.cat\/esc-renaixencahostalets\/wp-content\/uploads\/usu1823\/2021\/12\/PHOTO-2021-12-15-19-08-33-200x150.jpg 200w, https:\/\/agora.xtec.cat\/esc-renaixencahostalets\/wp-content\/uploads\/usu1823\/2021\/12\/PHOTO-2021-12-15-19-08-33.jpg 2048w\" sizes=\"auto, (max-width: 300px) 100vw, 300px\" \/><\/a>\n\t\t\t<\/dt><\/dl><dl class='gallery-item'>\n\t\t\t<dt class='gallery-icon landscape'>\n\t\t\t\t<a href='https:\/\/agora.xtec.cat\/esc-renaixencahostalets\/general\/caminem-cap-a-la-coeducacio\/attachment\/photo-2021-12-15-19-08-30\/'><img loading=\"lazy\" decoding=\"async\" width=\"300\" height=\"225\" src=\"https:\/\/agora.xtec.cat\/esc-renaixencahostalets\/wp-content\/uploads\/usu1823\/2021\/12\/PHOTO-2021-12-15-19-08-30-300x225.jpg\" class=\"attachment-medium size-medium\" alt=\"\" srcset=\"https:\/\/agora.xtec.cat\/esc-renaixencahostalets\/wp-content\/uploads\/usu1823\/2021\/12\/PHOTO-2021-12-15-19-08-30-300x225.jpg 300w, https:\/\/agora.xtec.cat\/esc-renaixencahostalets\/wp-content\/uploads\/usu1823\/2021\/12\/PHOTO-2021-12-15-19-08-30-1024x768.jpg 1024w, https:\/\/agora.xtec.cat\/esc-renaixencahostalets\/wp-content\/uploads\/usu1823\/2021\/12\/PHOTO-2021-12-15-19-08-30-768x576.jpg 768w, https:\/\/agora.xtec.cat\/esc-renaixencahostalets\/wp-content\/uploads\/usu1823\/2021\/12\/PHOTO-2021-12-15-19-08-30-1536x1152.jpg 1536w, https:\/\/agora.xtec.cat\/esc-renaixencahostalets\/wp-content\/uploads\/usu1823\/2021\/12\/PHOTO-2021-12-15-19-08-30-200x150.jpg 200w, https:\/\/agora.xtec.cat\/esc-renaixencahostalets\/wp-content\/uploads\/usu1823\/2021\/12\/PHOTO-2021-12-15-19-08-30.jpg 2048w\" sizes=\"auto, (max-width: 300px) 100vw, 300px\" \/><\/a>\n\t\t\t<\/dt><\/dl><dl class='gallery-item'>\n\t\t\t<dt class='gallery-icon landscape'>\n\t\t\t\t<a href='https:\/\/agora.xtec.cat\/esc-renaixencahostalets\/general\/caminem-cap-a-la-coeducacio\/attachment\/photo-2021-12-15-19-08-29\/'><img loading=\"lazy\" decoding=\"async\" width=\"300\" height=\"225\" src=\"https:\/\/agora.xtec.cat\/esc-renaixencahostalets\/wp-content\/uploads\/usu1823\/2021\/12\/PHOTO-2021-12-15-19-08-29-300x225.jpg\" class=\"attachment-medium size-medium\" alt=\"\" srcset=\"https:\/\/agora.xtec.cat\/esc-renaixencahostalets\/wp-content\/uploads\/usu1823\/2021\/12\/PHOTO-2021-12-15-19-08-29-300x225.jpg 300w, https:\/\/agora.xtec.cat\/esc-renaixencahostalets\/wp-content\/uploads\/usu1823\/2021\/12\/PHOTO-2021-12-15-19-08-29-1024x768.jpg 1024w, https:\/\/agora.xtec.cat\/esc-renaixencahostalets\/wp-content\/uploads\/usu1823\/2021\/12\/PHOTO-2021-12-15-19-08-29-768x576.jpg 768w, https:\/\/agora.xtec.cat\/esc-renaixencahostalets\/wp-content\/uploads\/usu1823\/2021\/12\/PHOTO-2021-12-15-19-08-29-1536x1152.jpg 1536w, https:\/\/agora.xtec.cat\/esc-renaixencahostalets\/wp-content\/uploads\/usu1823\/2021\/12\/PHOTO-2021-12-15-19-08-29-200x150.jpg 200w, https:\/\/agora.xtec.cat\/esc-renaixencahostalets\/wp-content\/uploads\/usu1823\/2021\/12\/PHOTO-2021-12-15-19-08-29.jpg 2048w\" sizes=\"auto, (max-width: 300px) 100vw, 300px\" \/><\/a>\n\t\t\t<\/dt><\/dl><br style=\"clear: both\" \/>\n\t\t<\/div>\n\n<p>&nbsp;<\/p>\n","protected":false},"excerpt":{"rendered":"<p>Avui s&#8217;ha celebrat el primer claustre per parlar de coeducaci\u00f3 a l&#8217;Institut Escola Renaixen\u00e7a. La comissi\u00f3 de coeducaci\u00f3 ha preparat una exposici\u00f3 acompanyada de diverses din\u00e0miques en la que s&#8217;han tractat els seg\u00fcents punts:<\/p>\n<ul>\n<li aria-level=\"1\">La coeducaci\u00f3 i el meu Institut Escola (diagnosi dels punts forts&hellip;  <a href=\"https:\/\/agora.xtec.cat\/esc-renaixencahostalets\/general\/caminem-cap-a-la-coeducacio\/\" title=\"Read Caminem cap a la coeducaci\u00f3.\">Llegeix m\u00e9s\u00bb<\/a><br \/>\n","protected":false},"author":26,"featured_media":20189,"comment_status":"closed","ping_status":"closed","sticky":false,"template":"","format":"standard","meta":{"_bbp_topic_count":0,"_bbp_reply_count":0,"_bbp_total_topic_count":0,"_bbp_total_reply_count":0,"_bbp_voice_count":0,"_bbp_anonymous_reply_count":0,"_bbp_topic_count_hidden":0,"_bbp_reply_count_hidden":0,"_bbp_forum_subforum_count":0,"footnotes":""},"categories":[140,1],"tags":[],"class_list":["post-20187","post","type-post","status-publish","format-standard","has-post-thumbnail","hentry","category-coeducacio","category-general"],"post_mailing_queue_ids":[],"_links":{"self":[{"href":"https:\/\/agora.xtec.cat\/esc-renaixencahostalets\/wp-json\/wp\/v2\/posts\/20187","targetHints":{"allow":["GET"]}}],"collection":[{"href":"https:\/\/agora.xtec.cat\/esc-renaixencahostalets\/wp-json\/wp\/v2\/posts"}],"about":[{"href":"https:\/\/agora.xtec.cat\/esc-renaixencahostalets\/wp-json\/wp\/v2\/types\/post"}],"author":[{"embeddable":true,"href":"https:\/\/agora.xtec.cat\/esc-renaixencahostalets\/wp-json\/wp\/v2\/users\/26"}],"replies":[{"embeddable":true,"href":"https:\/\/agora.xtec.cat\/esc-renaixencahostalets\/wp-json\/wp\/v2\/comments?post=20187"}],"version-history":[{"count":1,"href":"https:\/\/agora.xtec.cat\/esc-renaixencahostalets\/wp-json\/wp\/v2\/posts\/20187\/revisions"}],"predecessor-version":[{"id":20191,"href":"https:\/\/agora.xtec.cat\/esc-renaixencahostalets\/wp-json\/wp\/v2\/posts\/20187\/revisions\/20191"}],"wp:featuredmedia":[{"embeddable":true,"href":"https:\/\/agora.xtec.cat\/esc-renaixencahostalets\/wp-json\/wp\/v2\/media\/20189"}],"wp:attachment":[{"href":"https:\/\/agora.xtec.cat\/esc-renaixencahostalets\/wp-json\/wp\/v2\/media?parent=20187"}],"wp:term":[{"taxonomy":"category","embeddable":true,"href":"https:\/\/agora.xtec.cat\/esc-renaixencahostalets\/wp-json\/wp\/v2\/categories?post=20187"},{"taxonomy":"post_tag","embeddable":true,"href":"https:\/\/agora.xtec.cat\/esc-renaixencahostalets\/wp-json\/wp\/v2\/tags?post=20187"}],"curies":[{"name":"wp","href":"https:\/\/api.w.org\/{rel}","templated":true}]}}