{"id":20181,"date":"2021-12-10T19:00:56","date_gmt":"2021-12-10T18:00:56","guid":{"rendered":"https:\/\/agora.xtec.cat\/esc-renaixencahostalets\/?p=20181"},"modified":"2021-12-10T18:30:13","modified_gmt":"2021-12-10T17:30:13","slug":"cursa-per-la-marato","status":"publish","type":"post","link":"https:\/\/agora.xtec.cat\/esc-renaixencahostalets\/general\/cursa-per-la-marato\/","title":{"rendered":"Cursa per la Marat\u00f3."},"content":{"rendered":"<p>El proper dilluns 13 de desembre al mat\u00ed l&#8217;alumnat de l&#8217;Institut Escola Renaixen\u00e7a participar\u00e0 en una cursa solid\u00e0ria, com cada any. Enguany els diners recaptats aniran destinats a la <a href=\"https:\/\/app.dinantia.com\/api\/system\/track_link\/Rri5Il4vKckj\/5614624?original_url=https%3A%2F%2Fapp.dinantia.com%2Fapi%2Fsystem%2Ftrack_link%2F4nyAEEJiMGwp%2F5613346%3Foriginal_url%3Dhttps%253A%252F%252Fwww.ccma.cat%252Ftv3%252Fmarato%252F\" target=\"_blank\" rel=\"noreferrer noopener\"><span class=\"il\">Marat\u00f3<\/span>\u00a0de TV3\u00a0<\/a>que aquest any va per la investigaci\u00f3 de la\u00a0<b>Salut Mental<\/b>. La cursa es correr\u00e0 <b>al pati del centre<\/b>. Cada nen\/a correr\u00e0 amb el seu grup bombolla. Cal que aquell dia l&#8217;alumnat vingui amb\u00a0<b>roba esportiva<\/b>.\u00a0Tenint en compte la situaci\u00f3 d&#8217;enguany les fam\u00edlies no podran participar activament en aquesta cursa.<\/p>\n<p>Les persones interessades en fer donatius ho poden fer de dues maneres:<\/p>\n<p>1- Per transfer\u00e8ncia banc\u00e0ria al n\u00famero de compte:\u00a0ES74 0182 0233 1902 0228 888\u00a0 fins el dia 21 de desembre<\/p>\n<p>2- En efectiu, dins d&#8217;una caixa que hi haur\u00e0 els dies 13 i 14 de desembre a l&#8217;entrada principal del centre a les 9:00 i a les 16:30h.<\/p>\n<p>Aquest \u00e9s el cartell de la cursa d&#8217;enguany:<\/p>\n<p><a href=\"https:\/\/agora.xtec.cat\/esc-renaixencahostalets\/wp-content\/uploads\/usu1823\/2021\/12\/2021.-Cartell-cursa-per-la-marato-1.jpg\"><img loading=\"lazy\" decoding=\"async\" class=\"aligncenter size-full wp-image-20185\" src=\"https:\/\/agora.xtec.cat\/esc-renaixencahostalets\/wp-content\/uploads\/usu1823\/2021\/12\/2021.-Cartell-cursa-per-la-marato-1.jpg\" alt=\"\" width=\"529\" height=\"745\" srcset=\"https:\/\/agora.xtec.cat\/esc-renaixencahostalets\/wp-content\/uploads\/usu1823\/2021\/12\/2021.-Cartell-cursa-per-la-marato-1.jpg 529w, https:\/\/agora.xtec.cat\/esc-renaixencahostalets\/wp-content\/uploads\/usu1823\/2021\/12\/2021.-Cartell-cursa-per-la-marato-1-213x300.jpg 213w\" sizes=\"auto, (max-width: 529px) 100vw, 529px\" \/><\/a><\/p>\n<p>&nbsp;<\/p>\n<p>&nbsp;<\/p>\n","protected":false},"excerpt":{"rendered":"<p>El proper dilluns 13 de desembre al mat\u00ed l&#8217;alumnat de l&#8217;Institut Escola Renaixen\u00e7a participar\u00e0 en una cursa solid\u00e0ria, com cada any. Enguany els diners recaptats aniran destinats a la <a href=\"https:\/\/app.dinantia.com\/api\/system\/track_link\/Rri5Il4vKckj\/5614624?original_url=https%3A%2F%2Fapp.dinantia.com%2Fapi%2Fsystem%2Ftrack_link%2F4nyAEEJiMGwp%2F5613346%3Foriginal_url%3Dhttps%253A%252F%252Fwww.ccma.cat%252Ftv3%252Fmarato%252F\" target=\"_blank\" rel=\"noreferrer noopener\">Marat\u00f3\u00a0de TV3\u00a0<\/a>que aquest any va per la investigaci\u00f3 de la\u00a0Salut Mental. La&hellip;  <a href=\"https:\/\/agora.xtec.cat\/esc-renaixencahostalets\/general\/cursa-per-la-marato\/\" title=\"Read Cursa per la Marat\u00f3.\">Llegeix m\u00e9s\u00bb<\/a><\/p>\n","protected":false},"author":26,"featured_media":20182,"comment_status":"closed","ping_status":"closed","sticky":false,"template":"","format":"standard","meta":{"_bbp_topic_count":0,"_bbp_reply_count":0,"_bbp_total_topic_count":0,"_bbp_total_reply_count":0,"_bbp_voice_count":0,"_bbp_anonymous_reply_count":0,"_bbp_topic_count_hidden":0,"_bbp_reply_count_hidden":0,"_bbp_forum_subforum_count":0,"footnotes":""},"categories":[1],"tags":[],"class_list":["post-20181","post","type-post","status-publish","format-standard","has-post-thumbnail","hentry","category-general"],"post_mailing_queue_ids":[],"_links":{"self":[{"href":"https:\/\/agora.xtec.cat\/esc-renaixencahostalets\/wp-json\/wp\/v2\/posts\/20181","targetHints":{"allow":["GET"]}}],"collection":[{"href":"https:\/\/agora.xtec.cat\/esc-renaixencahostalets\/wp-json\/wp\/v2\/posts"}],"about":[{"href":"https:\/\/agora.xtec.cat\/esc-renaixencahostalets\/wp-json\/wp\/v2\/types\/post"}],"author":[{"embeddable":true,"href":"https:\/\/agora.xtec.cat\/esc-renaixencahostalets\/wp-json\/wp\/v2\/users\/26"}],"replies":[{"embeddable":true,"href":"https:\/\/agora.xtec.cat\/esc-renaixencahostalets\/wp-json\/wp\/v2\/comments?post=20181"}],"version-history":[{"count":2,"href":"https:\/\/agora.xtec.cat\/esc-renaixencahostalets\/wp-json\/wp\/v2\/posts\/20181\/revisions"}],"predecessor-version":[{"id":20186,"href":"https:\/\/agora.xtec.cat\/esc-renaixencahostalets\/wp-json\/wp\/v2\/posts\/20181\/revisions\/20186"}],"wp:featuredmedia":[{"embeddable":true,"href":"https:\/\/agora.xtec.cat\/esc-renaixencahostalets\/wp-json\/wp\/v2\/media\/20182"}],"wp:attachment":[{"href":"https:\/\/agora.xtec.cat\/esc-renaixencahostalets\/wp-json\/wp\/v2\/media?parent=20181"}],"wp:term":[{"taxonomy":"category","embeddable":true,"href":"https:\/\/agora.xtec.cat\/esc-renaixencahostalets\/wp-json\/wp\/v2\/categories?post=20181"},{"taxonomy":"post_tag","embeddable":true,"href":"https:\/\/agora.xtec.cat\/esc-renaixencahostalets\/wp-json\/wp\/v2\/tags?post=20181"}],"curies":[{"name":"wp","href":"https:\/\/api.w.org\/{rel}","templated":true}]}}