{"id":20120,"date":"2021-10-12T21:32:16","date_gmt":"2021-10-12T19:32:16","guid":{"rendered":"https:\/\/agora.xtec.cat\/esc-renaixencahostalets\/?p=20120"},"modified":"2021-10-12T21:32:16","modified_gmt":"2021-10-12T19:32:16","slug":"continuem-caminant-plegats","status":"publish","type":"post","link":"https:\/\/agora.xtec.cat\/esc-renaixencahostalets\/general\/continuem-caminant-plegats\/","title":{"rendered":"Continuem caminant plegats"},"content":{"rendered":"<p><span style=\"font-weight: 400;\">L\u2019Institut escola continua tenint com a objectiu principal seguir millorant en l\u2019\u00e0mbit pedag\u00f2gic perqu\u00e8 \u00e9s clau i fonamental per seguir creixent en la transformaci\u00f3 educativa del centre.<\/span><\/p>\n<p><span style=\"font-weight: 400;\">Aquest curs seguim formant part del projecte del Laboratori de Transformaci\u00f3 Educativa del Departament d\u2019Educaci\u00f3. Dins d\u2019aquest marc, se\u2019ns va proposar dur a terme una reflexi\u00f3 pedag\u00f2gica a nivell de claustre sobre el lideratge i els canvis a les\u00a0 escoles.\u00a0<\/span><\/p>\n<p><span style=\"font-weight: 400;\">Com a IE vam realitzar unes din\u00e0miques on els docents poguessin reflexionar sobre 4 preguntes que ens poden ajudar a orientar les nostres accions en un prop\u00f2sit transformador.<\/span><\/p>\n<p><span style=\"font-weight: 400;\">Aquestes s\u00f3n les nostres conclusions:<\/span><\/p>\n<p><span style=\"font-weight: 400;\">Pel que fa <\/span><b>la col\u00b7laboraci\u00f3 docent<\/b><span style=\"font-weight: 400;\">,<\/span><span style=\"font-weight: 400;\"> les persones del claustre reconeixen que les metodologies emprades contribueixen molt positivament a l\u2019increment d\u2019una cultura de col\u00b7laboraci\u00f3 docent al centre. Hi ha un consens molt ampli de com el treball per projectes o el fet de poder comptar amb suports o codocents a l\u2019aula genera din\u00e0miques de col\u00b7laboraci\u00f3. \u00c9s cert que es reconeix que en algunes ocasions no s\u2019est\u00e0 aprofitant al m\u00e0xim el recurs del suport docent a l\u2019aula i es valora necessari plantejar estrat\u00e8gies per treure\u2019n el m\u00e0xim profit alhora que seguir incrementant el nombre d\u2019hores de codoc\u00e8ncia al centre.\u00a0<\/span><\/p>\n<p><span style=\"font-weight: 400;\">De totes formes, la col\u00b7laboraci\u00f3 interna entre docents del mateix cicle es percep com un aspecte fort de l\u2019IE Renaixen\u00e7a i all\u00f2 que els i les docents creuen que seria important comen\u00e7ar a potenciar est\u00e0 m\u00e9s relacionat amb la col\u00b7laboraci\u00f3 amb professionals d\u2019altres centres i tamb\u00e9 amb el treball col\u00b7laboratiu entre diferents etapes. S\u2019esmenten diversos aspectes que es poden engegar, per exemple: potenciar les sessions liderades per docents del centre experts sobre tem\u00e0tiques concretes o organitzar i estructurar els recursos pedag\u00f2gics perqu\u00e8 aquests fossin aprofitats pels i les professionals de qualsevol etapa.<\/span><\/p>\n<p><span style=\"font-weight: 400;\">En termes generals, el claustre concep <\/span><b>l\u2019escola com una organitzaci\u00f3 que apr\u00e8n<\/b><span style=\"font-weight: 400;\"> de manera constant per naturalesa i per necessitat. Tot i que volen continuar amb la l\u00ednia metodol\u00f2gica del centre, entenen que aquest aprenentatge requereix canvis i temps per\u00f2 es mostren predisposats a seguir fomentant la cohesi\u00f3, el dinamisme, la reflexi\u00f3 i el debat com a base per a la millora i el creixement personal i professional. En aquesta l\u00ednia, consideren fonamental seguir realitzant formacions de manera cont\u00ednua i mantenir el di\u00e0leg obert amb tota la comunitat educativa (docents, alumnat i fam\u00edlies).<\/span><\/p>\n<p><span style=\"font-weight: 400;\">Es perceben certes dificultats per parlar dels entrebancs i errors que van sorgint dia a dia, per aix\u00f2 es proposa capgirar la visi\u00f3 actual de l\u2019error per a enfocar-lo com una oportunitat d\u2019aprenentatge. Aix\u00ed doncs, l\u2019equip docent vol incorporar de manera sistem\u00e0tica els comentaris, les observacions i les orientacions entre nosaltres com quelcom positiu i necessari per a avan\u00e7ar i millorar.<\/span><\/p>\n<p><span style=\"font-weight: 400;\">Es creu que seria benefici\u00f3s comptar amb alguna figura experta en projectes que serveixi de guia pels i les docents, especialment pels que arriben per primera vegada al centre. Aix\u00ed mateix, tamb\u00e9 es considera necessari comen\u00e7ar a tenir m\u00e9s en compte el context i l\u2019entorn proper de l\u2019alumnat (poble, entitats, festes, tradicions, etc.).<\/span><\/p>\n<p><span style=\"font-weight: 400;\">Pel que fa al<\/span> <b>lideratge pedag\u00f2gic<\/b><span style=\"font-weight: 400;\"> els membres del claustre coincideixen a pensar en la necessitat de l\u2019actualitzaci\u00f3 del prop\u00f2sit del centre, recollit en el PEC, en les que es vegi incl\u00f3s la personalitzaci\u00f3 de l\u2019aprenentatge , les mesures universals d\u2019inclusi\u00f3, equitat\u00a0 i poder obtenir les eines necess\u00e0ries per tal de compartir de millor manera la visi\u00f3 de tot aquest treball amb les fam\u00edlies del centre. \u00c9s considera important poder fer una bona acollida i seguiment de les docents noves, vetllant per l\u2019acompanyament al llarg del cam\u00ed, donant a con\u00e8ixer la metodolog\u00eda i el prop\u00f2sit\u00a0 del centre.<\/span><\/p>\n<p><span style=\"font-weight: 400;\">En termes generals l\u2019IE Renaixen\u00e7a creu que s\u2019ha de poder prioritzar m\u00e9s abans que afegir nous prop\u00f2sits, mantenint clar all\u00f2 que es vol i eliminant d\u2019aquesta manera quelcom que s\u2019allunyi.<\/span><\/p>\n<p><span style=\"font-weight: 400;\">Es valora de forma positiva el fet de comptar amb un equip directiu que escolta i respon a les diferents inquietuds de l\u2019equip docent, acompanyat d&#8217;un claustre cohesionat que treballa amb la transici\u00f3 de l\u2019escola a l\u2019institut.<\/span><\/p>\n<p><span style=\"font-weight: 400;\">Aix\u00ed doncs, podem concloure que tenim molta feina feta, per\u00f2 for\u00e7a cam\u00ed per rec\u00f3rrer encara.<\/span><\/p>\n<p><span style=\"font-weight: 400;\">Equip Impulsor IE Renaixen\u00e7a<\/span><\/p>\n<p><img decoding=\"async\" src=\"https:\/\/agora.xtec.cat\/esc-renaixencahostalets\/wp-content\/uploads\/usu1823\/2021\/10\/9044bacd-acaf-4482-848f-ee5e20e8aaa2.jpg\" \/><\/p>\n","protected":false},"excerpt":{"rendered":"<p>L\u2019Institut escola continua tenint com a objectiu principal seguir millorant en l\u2019\u00e0mbit pedag\u00f2gic perqu\u00e8 \u00e9s clau i fonamental per seguir creixent en la transformaci\u00f3 educativa del centre.<br \/>\nAquest curs seguim formant part del projecte del Laboratori de Transformaci\u00f3 Educativa del Departament d\u2019Educaci\u00f3. Dins d\u2019aquest marc, se\u2019ns&hellip;  <a href=\"https:\/\/agora.xtec.cat\/esc-renaixencahostalets\/general\/continuem-caminant-plegats\/\" title=\"Read Continuem caminant plegats\">Llegeix m\u00e9s\u00bb<\/a><\/p>\n","protected":false},"author":30,"featured_media":20122,"comment_status":"open","ping_status":"closed","sticky":false,"template":"","format":"standard","meta":{"_bbp_topic_count":0,"_bbp_reply_count":0,"_bbp_total_topic_count":0,"_bbp_total_reply_count":0,"_bbp_voice_count":0,"_bbp_anonymous_reply_count":0,"_bbp_topic_count_hidden":0,"_bbp_reply_count_hidden":0,"_bbp_forum_subforum_count":0,"footnotes":""},"categories":[1,134],"tags":[],"class_list":["post-20120","post","type-post","status-publish","format-standard","has-post-thumbnail","hentry","category-general","category-xtte"],"post_mailing_queue_ids":[],"_links":{"self":[{"href":"https:\/\/agora.xtec.cat\/esc-renaixencahostalets\/wp-json\/wp\/v2\/posts\/20120","targetHints":{"allow":["GET"]}}],"collection":[{"href":"https:\/\/agora.xtec.cat\/esc-renaixencahostalets\/wp-json\/wp\/v2\/posts"}],"about":[{"href":"https:\/\/agora.xtec.cat\/esc-renaixencahostalets\/wp-json\/wp\/v2\/types\/post"}],"author":[{"embeddable":true,"href":"https:\/\/agora.xtec.cat\/esc-renaixencahostalets\/wp-json\/wp\/v2\/users\/30"}],"replies":[{"embeddable":true,"href":"https:\/\/agora.xtec.cat\/esc-renaixencahostalets\/wp-json\/wp\/v2\/comments?post=20120"}],"version-history":[{"count":3,"href":"https:\/\/agora.xtec.cat\/esc-renaixencahostalets\/wp-json\/wp\/v2\/posts\/20120\/revisions"}],"predecessor-version":[{"id":20124,"href":"https:\/\/agora.xtec.cat\/esc-renaixencahostalets\/wp-json\/wp\/v2\/posts\/20120\/revisions\/20124"}],"wp:featuredmedia":[{"embeddable":true,"href":"https:\/\/agora.xtec.cat\/esc-renaixencahostalets\/wp-json\/wp\/v2\/media\/20122"}],"wp:attachment":[{"href":"https:\/\/agora.xtec.cat\/esc-renaixencahostalets\/wp-json\/wp\/v2\/media?parent=20120"}],"wp:term":[{"taxonomy":"category","embeddable":true,"href":"https:\/\/agora.xtec.cat\/esc-renaixencahostalets\/wp-json\/wp\/v2\/categories?post=20120"},{"taxonomy":"post_tag","embeddable":true,"href":"https:\/\/agora.xtec.cat\/esc-renaixencahostalets\/wp-json\/wp\/v2\/tags?post=20120"}],"curies":[{"name":"wp","href":"https:\/\/api.w.org\/{rel}","templated":true}]}}