{"id":20083,"date":"2021-06-23T10:00:59","date_gmt":"2021-06-23T08:00:59","guid":{"rendered":"http:\/\/agora.xtec.cat\/esc-renaixencahostalets\/?p=20083"},"modified":"2021-06-23T17:47:10","modified_gmt":"2021-06-23T15:47:10","slug":"moltes-gracies-per-tot","status":"publish","type":"post","link":"https:\/\/agora.xtec.cat\/esc-renaixencahostalets\/general\/moltes-gracies-per-tot\/","title":{"rendered":"Moltes gr\u00e0cies per tot!!!"},"content":{"rendered":"<p>Ha estat un curs at\u00edpic diferent, amb els nens i nenes de p5 en dos grups i dos mestres, sense compartir espais, ni joguines,&#8230; per\u00f2 ara podem dir que l&#8217;hem superat amb l&#8217;ajuda de tots i totes.<br \/>\nLes fam\u00edlies de P5 heu fet un regal molt especial als vostres fills\/es, a les mestres i a l&#8217;escola. Ha estat molt divertit seguir les instruccions com una gimcana per acabar plantant un arbust al Jardinet de les olors, al Jard\u00ed del cor de l&#8217;escola&#8230; com vosaltres heu anomenat.<br \/>\nCuidarem aquestes plantetes i estem segures que els vostres fills\/es s&#8217;encordaran sempre que forma part del seu cam\u00ed.<br \/>\nMoltes gr\u00e0cies pel detall i per ser tan originals.<br \/>\nGr\u00e0cies tamb\u00e9 pel conte personalitzat que guardarem amb tanta estima.<\/p>\n<p><a href=\"https:\/\/agora.xtec.cat\/esc-renaixencahostalets\/wp-content\/uploads\/usu1823\/2021\/06\/arbusto.jpg\"><img loading=\"lazy\" decoding=\"async\" class=\"aligncenter size-medium wp-image-20084\" src=\"https:\/\/agora.xtec.cat\/esc-renaixencahostalets\/wp-content\/uploads\/usu1823\/2021\/06\/arbusto-225x300.jpg\" alt=\"\" width=\"225\" height=\"300\" srcset=\"https:\/\/agora.xtec.cat\/esc-renaixencahostalets\/wp-content\/uploads\/usu1823\/2021\/06\/arbusto-225x300.jpg 225w, https:\/\/agora.xtec.cat\/esc-renaixencahostalets\/wp-content\/uploads\/usu1823\/2021\/06\/arbusto.jpg 756w\" sizes=\"auto, (max-width: 225px) 100vw, 225px\" \/><\/a><\/p>\n<p>Podreu veure fotos del moment cliclant <a href=\"http:\/\/agora.xtec.cat\/esc-renaixencahostalets\/fotos-p5\/\">AQUI<\/a><\/p>\n","protected":false},"excerpt":{"rendered":"<p>Ha estat un curs at\u00edpic diferent, amb els nens i nenes de p5 en dos grups i dos mestres, sense compartir espais, ni joguines,&#8230; per\u00f2 ara podem dir que l&#8217;hem superat amb l&#8217;ajuda de tots i totes.<br \/>\nLes fam\u00edlies de P5 heu fet un regal molt&hellip;  <a href=\"https:\/\/agora.xtec.cat\/esc-renaixencahostalets\/general\/moltes-gracies-per-tot\/\" title=\"Read Moltes gr\u00e0cies per tot!!!\">Llegeix m\u00e9s\u00bb<\/a><\/p>\n","protected":false},"author":16,"featured_media":20084,"comment_status":"open","ping_status":"closed","sticky":false,"template":"","format":"standard","meta":{"_bbp_topic_count":0,"_bbp_reply_count":0,"_bbp_total_topic_count":0,"_bbp_total_reply_count":0,"_bbp_voice_count":0,"_bbp_anonymous_reply_count":0,"_bbp_topic_count_hidden":0,"_bbp_reply_count_hidden":0,"_bbp_forum_subforum_count":0,"footnotes":""},"categories":[1,9,127],"tags":[],"class_list":["post-20083","post","type-post","status-publish","format-standard","has-post-thumbnail","hentry","category-general","category-i5","category-127"],"post_mailing_queue_ids":[],"_links":{"self":[{"href":"https:\/\/agora.xtec.cat\/esc-renaixencahostalets\/wp-json\/wp\/v2\/posts\/20083","targetHints":{"allow":["GET"]}}],"collection":[{"href":"https:\/\/agora.xtec.cat\/esc-renaixencahostalets\/wp-json\/wp\/v2\/posts"}],"about":[{"href":"https:\/\/agora.xtec.cat\/esc-renaixencahostalets\/wp-json\/wp\/v2\/types\/post"}],"author":[{"embeddable":true,"href":"https:\/\/agora.xtec.cat\/esc-renaixencahostalets\/wp-json\/wp\/v2\/users\/16"}],"replies":[{"embeddable":true,"href":"https:\/\/agora.xtec.cat\/esc-renaixencahostalets\/wp-json\/wp\/v2\/comments?post=20083"}],"version-history":[{"count":2,"href":"https:\/\/agora.xtec.cat\/esc-renaixencahostalets\/wp-json\/wp\/v2\/posts\/20083\/revisions"}],"predecessor-version":[{"id":20087,"href":"https:\/\/agora.xtec.cat\/esc-renaixencahostalets\/wp-json\/wp\/v2\/posts\/20083\/revisions\/20087"}],"wp:featuredmedia":[{"embeddable":true,"href":"https:\/\/agora.xtec.cat\/esc-renaixencahostalets\/wp-json\/wp\/v2\/media\/20084"}],"wp:attachment":[{"href":"https:\/\/agora.xtec.cat\/esc-renaixencahostalets\/wp-json\/wp\/v2\/media?parent=20083"}],"wp:term":[{"taxonomy":"category","embeddable":true,"href":"https:\/\/agora.xtec.cat\/esc-renaixencahostalets\/wp-json\/wp\/v2\/categories?post=20083"},{"taxonomy":"post_tag","embeddable":true,"href":"https:\/\/agora.xtec.cat\/esc-renaixencahostalets\/wp-json\/wp\/v2\/tags?post=20083"}],"curies":[{"name":"wp","href":"https:\/\/api.w.org\/{rel}","templated":true}]}}