{"id":20076,"date":"2021-06-22T16:56:58","date_gmt":"2021-06-22T14:56:58","guid":{"rendered":"http:\/\/agora.xtec.cat\/esc-renaixencahostalets\/?p=20076"},"modified":"2021-06-14T17:57:42","modified_gmt":"2021-06-14T15:57:42","slug":"bon-estiu-nens-i-nenes-de-p5","status":"publish","type":"post","link":"https:\/\/agora.xtec.cat\/esc-renaixencahostalets\/general\/bon-estiu-nens-i-nenes-de-p5\/","title":{"rendered":"Bon Estiu nens i nenes de P5"},"content":{"rendered":"<p>Arriba el moment de deixar-vos anar, el curs vinent pujareu les escales per anar a Primer i segurament un sentireu grans i hi haur\u00e0 coses que oblidareu del vostre cam\u00ed per Educaci\u00f3 Infantil. Fullegeu els records per recon\u00e8ixer la vostra ess\u00e8ncia, els dibuixos, l&#8217;escriptura, les fotos, els companys\/es&#8230; aquests somriures purs i sincers&#8230; estimeu-vos aix\u00ed com sou i gaudiu del cam\u00ed. Nosaltres estem molt orgulloses d&#8217;haver pogut acompanyar-vos un trosset del vostre cam\u00ed.<\/p>\n<p>Us estimem ! Bon Estiu!<\/p>\n<p><a href=\"https:\/\/agora.xtec.cat\/esc-renaixencahostalets\/wp-content\/uploads\/usu1823\/2021\/06\/bon-estiu-1.jpg\"><img loading=\"lazy\" decoding=\"async\" class=\"aligncenter size-medium wp-image-20080\" src=\"https:\/\/agora.xtec.cat\/esc-renaixencahostalets\/wp-content\/uploads\/usu1823\/2021\/06\/bon-estiu-1-300x212.jpg\" alt=\"\" width=\"300\" height=\"212\" srcset=\"https:\/\/agora.xtec.cat\/esc-renaixencahostalets\/wp-content\/uploads\/usu1823\/2021\/06\/bon-estiu-1-300x212.jpg 300w, https:\/\/agora.xtec.cat\/esc-renaixencahostalets\/wp-content\/uploads\/usu1823\/2021\/06\/bon-estiu-1-768x543.jpg 768w, https:\/\/agora.xtec.cat\/esc-renaixencahostalets\/wp-content\/uploads\/usu1823\/2021\/06\/bon-estiu-1-1024x724.jpg 1024w\" sizes=\"auto, (max-width: 300px) 100vw, 300px\" \/><\/a><\/p>\n<p>&nbsp;<\/p>\n","protected":false},"excerpt":{"rendered":"<p>Arriba el moment de deixar-vos anar, el curs vinent pujareu les escales per anar a Primer i segurament un sentireu grans i hi haur\u00e0 coses que oblidareu del vostre cam\u00ed per Educaci\u00f3 Infantil. Fullegeu els records per recon\u00e8ixer la vostra ess\u00e8ncia, els dibuixos, l&#8217;escriptura, les&hellip;  <a href=\"https:\/\/agora.xtec.cat\/esc-renaixencahostalets\/general\/bon-estiu-nens-i-nenes-de-p5\/\" title=\"Read Bon Estiu nens i nenes de P5\">Llegeix m\u00e9s\u00bb<\/a><\/p>\n","protected":false},"author":16,"featured_media":20080,"comment_status":"open","ping_status":"closed","sticky":false,"template":"","format":"standard","meta":{"_bbp_topic_count":0,"_bbp_reply_count":0,"_bbp_total_topic_count":0,"_bbp_total_reply_count":0,"_bbp_voice_count":0,"_bbp_anonymous_reply_count":0,"_bbp_topic_count_hidden":0,"_bbp_reply_count_hidden":0,"_bbp_forum_subforum_count":0,"footnotes":""},"categories":[1,9,127],"tags":[],"class_list":["post-20076","post","type-post","status-publish","format-standard","has-post-thumbnail","hentry","category-general","category-i5","category-127"],"post_mailing_queue_ids":[],"_links":{"self":[{"href":"https:\/\/agora.xtec.cat\/esc-renaixencahostalets\/wp-json\/wp\/v2\/posts\/20076","targetHints":{"allow":["GET"]}}],"collection":[{"href":"https:\/\/agora.xtec.cat\/esc-renaixencahostalets\/wp-json\/wp\/v2\/posts"}],"about":[{"href":"https:\/\/agora.xtec.cat\/esc-renaixencahostalets\/wp-json\/wp\/v2\/types\/post"}],"author":[{"embeddable":true,"href":"https:\/\/agora.xtec.cat\/esc-renaixencahostalets\/wp-json\/wp\/v2\/users\/16"}],"replies":[{"embeddable":true,"href":"https:\/\/agora.xtec.cat\/esc-renaixencahostalets\/wp-json\/wp\/v2\/comments?post=20076"}],"version-history":[{"count":2,"href":"https:\/\/agora.xtec.cat\/esc-renaixencahostalets\/wp-json\/wp\/v2\/posts\/20076\/revisions"}],"predecessor-version":[{"id":20081,"href":"https:\/\/agora.xtec.cat\/esc-renaixencahostalets\/wp-json\/wp\/v2\/posts\/20076\/revisions\/20081"}],"wp:featuredmedia":[{"embeddable":true,"href":"https:\/\/agora.xtec.cat\/esc-renaixencahostalets\/wp-json\/wp\/v2\/media\/20080"}],"wp:attachment":[{"href":"https:\/\/agora.xtec.cat\/esc-renaixencahostalets\/wp-json\/wp\/v2\/media?parent=20076"}],"wp:term":[{"taxonomy":"category","embeddable":true,"href":"https:\/\/agora.xtec.cat\/esc-renaixencahostalets\/wp-json\/wp\/v2\/categories?post=20076"},{"taxonomy":"post_tag","embeddable":true,"href":"https:\/\/agora.xtec.cat\/esc-renaixencahostalets\/wp-json\/wp\/v2\/tags?post=20076"}],"curies":[{"name":"wp","href":"https:\/\/api.w.org\/{rel}","templated":true}]}}