{"id":19977,"date":"2021-05-20T22:38:41","date_gmt":"2021-05-20T20:38:41","guid":{"rendered":"http:\/\/agora.xtec.cat\/esc-renaixencahostalets\/?p=19977"},"modified":"2021-05-26T23:26:58","modified_gmt":"2021-05-26T21:26:58","slug":"p4-b-sortim-pel-poble","status":"publish","type":"post","link":"https:\/\/agora.xtec.cat\/esc-renaixencahostalets\/general\/p4-b-sortim-pel-poble\/","title":{"rendered":"P4 B Sortim pel poble"},"content":{"rendered":"<p>Aquesta setmana les nenes i nens de P4 B hem fet una sortida a peu pel poble amb l&#8217;objectiu de con\u00e8ixer una mica millor el nostre entorn m\u00e9s proper. Hem aprofitat per fixar-nos en els n\u00fameros i les formes geom\u00e8triques que trob\u00e0vem a mida que camin\u00e0vem pel carrer, tamb\u00e9 hem vist alguns establiments i els hem relacionat amb l&#8217;ofici que s&#8217;hi duia a terme (dentista, farm\u00e0cia, forn de pa&#8230;). Despr\u00e9s d&#8217;una bona caminada per fi hem arribat a Cal Ponsa, on hem pogut gaudir d&#8217;una divertida jornada amb els companys i companyes. Per acabar hem fet una petita parada al parc del Patufet. Buff! A la tornada cap a l&#8217;escola totes i tots an\u00e0vem una mica cansats per\u00f2 molt, molt contents.<br \/>\nPodeu veure les fotos <a href=\"http:\/\/agora.xtec.cat\/esc-renaixencahostalets\/fotos-p4\/\">aqu\u00ed<\/a>.<br \/>\n<a href=\"https:\/\/agora.xtec.cat\/esc-renaixencahostalets\/wp-content\/uploads\/usu1823\/2021\/05\/parc.jpg\"><img loading=\"lazy\" decoding=\"async\" class=\"wp-image-19972 aligncenter\" src=\"https:\/\/agora.xtec.cat\/esc-renaixencahostalets\/wp-content\/uploads\/usu1823\/2021\/05\/parc.jpg\" alt=\"\" width=\"250\" height=\"188\" srcset=\"https:\/\/agora.xtec.cat\/esc-renaixencahostalets\/wp-content\/uploads\/usu1823\/2021\/05\/parc.jpg 400w, https:\/\/agora.xtec.cat\/esc-renaixencahostalets\/wp-content\/uploads\/usu1823\/2021\/05\/parc-300x225.jpg 300w, https:\/\/agora.xtec.cat\/esc-renaixencahostalets\/wp-content\/uploads\/usu1823\/2021\/05\/parc-200x150.jpg 200w\" sizes=\"auto, (max-width: 250px) 100vw, 250px\" \/><\/a><\/p>\n","protected":false},"excerpt":{"rendered":"<p>Aquesta setmana les nenes i nens de P4 B hem fet una sortida a peu pel poble amb l&#8217;objectiu de con\u00e8ixer una mica millor el nostre entorn m\u00e9s proper. Hem aprofitat per fixar-nos en els n\u00fameros i les formes geom\u00e8triques que trob\u00e0vem a mida que&hellip;  <a href=\"https:\/\/agora.xtec.cat\/esc-renaixencahostalets\/general\/p4-b-sortim-pel-poble\/\" title=\"Read P4 B Sortim pel poble\">Llegeix m\u00e9s\u00bb<\/a><\/p>\n","protected":false},"author":1,"featured_media":0,"comment_status":"open","ping_status":"closed","sticky":false,"template":"","format":"standard","meta":{"_bbp_topic_count":0,"_bbp_reply_count":0,"_bbp_total_topic_count":0,"_bbp_total_reply_count":0,"_bbp_voice_count":0,"_bbp_anonymous_reply_count":0,"_bbp_topic_count_hidden":0,"_bbp_reply_count_hidden":0,"_bbp_forum_subforum_count":0,"footnotes":""},"categories":[1,8],"tags":[],"class_list":["post-19977","post","type-post","status-publish","format-standard","hentry","category-general","category-i4"],"post_mailing_queue_ids":[],"_links":{"self":[{"href":"https:\/\/agora.xtec.cat\/esc-renaixencahostalets\/wp-json\/wp\/v2\/posts\/19977","targetHints":{"allow":["GET"]}}],"collection":[{"href":"https:\/\/agora.xtec.cat\/esc-renaixencahostalets\/wp-json\/wp\/v2\/posts"}],"about":[{"href":"https:\/\/agora.xtec.cat\/esc-renaixencahostalets\/wp-json\/wp\/v2\/types\/post"}],"author":[{"embeddable":true,"href":"https:\/\/agora.xtec.cat\/esc-renaixencahostalets\/wp-json\/wp\/v2\/users\/1"}],"replies":[{"embeddable":true,"href":"https:\/\/agora.xtec.cat\/esc-renaixencahostalets\/wp-json\/wp\/v2\/comments?post=19977"}],"version-history":[{"count":3,"href":"https:\/\/agora.xtec.cat\/esc-renaixencahostalets\/wp-json\/wp\/v2\/posts\/19977\/revisions"}],"predecessor-version":[{"id":19981,"href":"https:\/\/agora.xtec.cat\/esc-renaixencahostalets\/wp-json\/wp\/v2\/posts\/19977\/revisions\/19981"}],"wp:attachment":[{"href":"https:\/\/agora.xtec.cat\/esc-renaixencahostalets\/wp-json\/wp\/v2\/media?parent=19977"}],"wp:term":[{"taxonomy":"category","embeddable":true,"href":"https:\/\/agora.xtec.cat\/esc-renaixencahostalets\/wp-json\/wp\/v2\/categories?post=19977"},{"taxonomy":"post_tag","embeddable":true,"href":"https:\/\/agora.xtec.cat\/esc-renaixencahostalets\/wp-json\/wp\/v2\/tags?post=19977"}],"curies":[{"name":"wp","href":"https:\/\/api.w.org\/{rel}","templated":true}]}}