{"id":19803,"date":"2021-04-20T21:03:27","date_gmt":"2021-04-20T19:03:27","guid":{"rendered":"http:\/\/agora.xtec.cat\/esc-renaixencahostalets\/?p=19803"},"modified":"2021-04-23T10:07:50","modified_gmt":"2021-04-23T08:07:50","slug":"es-pot-acolorir-laigua","status":"publish","type":"post","link":"https:\/\/agora.xtec.cat\/esc-renaixencahostalets\/general\/es-pot-acolorir-laigua\/","title":{"rendered":"P5 Es pot acolorir l&#8217;aigua?"},"content":{"rendered":"<p>De quin color \u00e9s l&#8217;aigua del mar?<br \/>\nCom la veus? com \u00e9s possible?&#8230;<br \/>\nAmb aquestes preguntes iniciem l&#8217;activitat de donar color a l&#8217;aigua a P5.<br \/>\nEls nens i nenes d&#8217;aquesta edat tenen les idees molt clares per\u00f2 encara es deixen sorprendre per la m\u00e0gia.\u00a0 despr\u00e9s de parlar, fer hip\u00f2tesi amb les cosetes que ten\u00edem a la classe, han decidit fer servir pintures, sorra del sorral, sorra del pati i papers de colors.<br \/>\n<a href=\"https:\/\/agora.xtec.cat\/esc-renaixencahostalets\/wp-content\/uploads\/usu1823\/2021\/04\/aigua-IMG_2438.jpg\"><img loading=\"lazy\" decoding=\"async\" class=\"aligncenter size-medium wp-image-19806\" src=\"https:\/\/agora.xtec.cat\/esc-renaixencahostalets\/wp-content\/uploads\/usu1823\/2021\/04\/aigua-IMG_2438-300x155.jpg\" alt=\"\" width=\"300\" height=\"155\" srcset=\"https:\/\/agora.xtec.cat\/esc-renaixencahostalets\/wp-content\/uploads\/usu1823\/2021\/04\/aigua-IMG_2438-300x155.jpg 300w, https:\/\/agora.xtec.cat\/esc-renaixencahostalets\/wp-content\/uploads\/usu1823\/2021\/04\/aigua-IMG_2438-768x397.jpg 768w, https:\/\/agora.xtec.cat\/esc-renaixencahostalets\/wp-content\/uploads\/usu1823\/2021\/04\/aigua-IMG_2438-1024x529.jpg 1024w\" sizes=\"auto, (max-width: 300px) 100vw, 300px\" \/><\/a><\/p>\n<p>Podreu veure m\u00e9s fotos clicant <a href=\"http:\/\/agora.xtec.cat\/esc-renaixencahostalets\/fotos-p5\/\">AQUI<\/a><\/p>\n","protected":false},"excerpt":{"rendered":"<p>De quin color \u00e9s l&#8217;aigua del mar?<br \/>\nCom la veus? com \u00e9s possible?&#8230;<br \/>\nAmb aquestes preguntes iniciem l&#8217;activitat de donar color a l&#8217;aigua a P5.<br \/>\nEls nens i nenes d&#8217;aquesta edat tenen les idees molt clares per\u00f2 encara es deixen sorprendre per la m\u00e0gia.\u00a0 despr\u00e9s de parlar, fer&hellip;  <a href=\"https:\/\/agora.xtec.cat\/esc-renaixencahostalets\/general\/es-pot-acolorir-laigua\/\" title=\"Read P5 Es pot acolorir l&#8217;aigua?\">Llegeix m\u00e9s\u00bb<\/a><\/p>\n","protected":false},"author":16,"featured_media":19806,"comment_status":"open","ping_status":"closed","sticky":false,"template":"","format":"standard","meta":{"_bbp_topic_count":0,"_bbp_reply_count":0,"_bbp_total_topic_count":0,"_bbp_total_reply_count":0,"_bbp_voice_count":0,"_bbp_anonymous_reply_count":0,"_bbp_topic_count_hidden":0,"_bbp_reply_count_hidden":0,"_bbp_forum_subforum_count":0,"footnotes":""},"categories":[1,9,127],"tags":[],"class_list":["post-19803","post","type-post","status-publish","format-standard","has-post-thumbnail","hentry","category-general","category-i5","category-127"],"post_mailing_queue_ids":[],"_links":{"self":[{"href":"https:\/\/agora.xtec.cat\/esc-renaixencahostalets\/wp-json\/wp\/v2\/posts\/19803","targetHints":{"allow":["GET"]}}],"collection":[{"href":"https:\/\/agora.xtec.cat\/esc-renaixencahostalets\/wp-json\/wp\/v2\/posts"}],"about":[{"href":"https:\/\/agora.xtec.cat\/esc-renaixencahostalets\/wp-json\/wp\/v2\/types\/post"}],"author":[{"embeddable":true,"href":"https:\/\/agora.xtec.cat\/esc-renaixencahostalets\/wp-json\/wp\/v2\/users\/16"}],"replies":[{"embeddable":true,"href":"https:\/\/agora.xtec.cat\/esc-renaixencahostalets\/wp-json\/wp\/v2\/comments?post=19803"}],"version-history":[{"count":3,"href":"https:\/\/agora.xtec.cat\/esc-renaixencahostalets\/wp-json\/wp\/v2\/posts\/19803\/revisions"}],"predecessor-version":[{"id":19840,"href":"https:\/\/agora.xtec.cat\/esc-renaixencahostalets\/wp-json\/wp\/v2\/posts\/19803\/revisions\/19840"}],"wp:featuredmedia":[{"embeddable":true,"href":"https:\/\/agora.xtec.cat\/esc-renaixencahostalets\/wp-json\/wp\/v2\/media\/19806"}],"wp:attachment":[{"href":"https:\/\/agora.xtec.cat\/esc-renaixencahostalets\/wp-json\/wp\/v2\/media?parent=19803"}],"wp:term":[{"taxonomy":"category","embeddable":true,"href":"https:\/\/agora.xtec.cat\/esc-renaixencahostalets\/wp-json\/wp\/v2\/categories?post=19803"},{"taxonomy":"post_tag","embeddable":true,"href":"https:\/\/agora.xtec.cat\/esc-renaixencahostalets\/wp-json\/wp\/v2\/tags?post=19803"}],"curies":[{"name":"wp","href":"https:\/\/api.w.org\/{rel}","templated":true}]}}