{"id":19733,"date":"2021-03-26T14:38:56","date_gmt":"2021-03-26T13:38:56","guid":{"rendered":"http:\/\/agora.xtec.cat\/esc-renaixencahostalets\/?p=19733"},"modified":"2021-03-26T14:39:10","modified_gmt":"2021-03-26T13:39:10","slug":"p5-concert-de-santa-cecilia","status":"publish","type":"post","link":"https:\/\/agora.xtec.cat\/esc-renaixencahostalets\/general\/p5-concert-de-santa-cecilia\/","title":{"rendered":"P5 Concert de Santa Cec\u00edlia"},"content":{"rendered":"<p>Aquest curs , tot extrany, hem celebrat Santa Cec\u00edlia el mes de Mar\u00e7&#8230; hem pogut gaudit del concert apla\u00e7at del Novembre i ha estat tot un plaer&#8230;\u00a0 Aquest professors de l&#8217;Aula de m\u00fasica Cal Maristany sempre ens fan ballar.<\/p>\n<p>Podeu gaudir de fotos i v\u00eddeos clicant <a href=\"http:\/\/agora.xtec.cat\/esc-renaixencahostalets\/fotos-p5\/\">AQUI<\/a><\/p>\n<p><a href=\"https:\/\/agora.xtec.cat\/esc-renaixencahostalets\/wp-content\/uploads\/usu1823\/2021\/03\/IMG_20210325_103559-2.jpg\"><img loading=\"lazy\" decoding=\"async\" class=\"aligncenter size-medium wp-image-19697\" src=\"https:\/\/agora.xtec.cat\/esc-renaixencahostalets\/wp-content\/uploads\/usu1823\/2021\/03\/IMG_20210325_103559-2-300x152.jpg\" alt=\"\" width=\"300\" height=\"152\" srcset=\"https:\/\/agora.xtec.cat\/esc-renaixencahostalets\/wp-content\/uploads\/usu1823\/2021\/03\/IMG_20210325_103559-2-300x152.jpg 300w, https:\/\/agora.xtec.cat\/esc-renaixencahostalets\/wp-content\/uploads\/usu1823\/2021\/03\/IMG_20210325_103559-2-768x390.jpg 768w, https:\/\/agora.xtec.cat\/esc-renaixencahostalets\/wp-content\/uploads\/usu1823\/2021\/03\/IMG_20210325_103559-2-1024x519.jpg 1024w\" sizes=\"auto, (max-width: 300px) 100vw, 300px\" \/><\/a><\/p>\n","protected":false},"excerpt":{"rendered":"<p>Aquest curs , tot extrany, hem celebrat Santa Cec\u00edlia el mes de Mar\u00e7&#8230; hem pogut gaudit del concert apla\u00e7at del Novembre i ha estat tot un plaer&#8230;\u00a0 Aquest professors de l&#8217;Aula de m\u00fasica Cal Maristany sempre ens fan ballar.<br \/>\nPodeu gaudir de fotos i v\u00eddeos clicant&hellip;  <a href=\"https:\/\/agora.xtec.cat\/esc-renaixencahostalets\/general\/p5-concert-de-santa-cecilia\/\" title=\"Read P5 Concert de Santa Cec\u00edlia\">Llegeix m\u00e9s\u00bb<\/a><\/p>\n","protected":false},"author":16,"featured_media":19697,"comment_status":"open","ping_status":"closed","sticky":false,"template":"","format":"standard","meta":{"_bbp_topic_count":0,"_bbp_reply_count":0,"_bbp_total_topic_count":0,"_bbp_total_reply_count":0,"_bbp_voice_count":0,"_bbp_anonymous_reply_count":0,"_bbp_topic_count_hidden":0,"_bbp_reply_count_hidden":0,"_bbp_forum_subforum_count":0,"footnotes":""},"categories":[1,9,127],"tags":[],"class_list":["post-19733","post","type-post","status-publish","format-standard","has-post-thumbnail","hentry","category-general","category-i5","category-127"],"post_mailing_queue_ids":[],"_links":{"self":[{"href":"https:\/\/agora.xtec.cat\/esc-renaixencahostalets\/wp-json\/wp\/v2\/posts\/19733","targetHints":{"allow":["GET"]}}],"collection":[{"href":"https:\/\/agora.xtec.cat\/esc-renaixencahostalets\/wp-json\/wp\/v2\/posts"}],"about":[{"href":"https:\/\/agora.xtec.cat\/esc-renaixencahostalets\/wp-json\/wp\/v2\/types\/post"}],"author":[{"embeddable":true,"href":"https:\/\/agora.xtec.cat\/esc-renaixencahostalets\/wp-json\/wp\/v2\/users\/16"}],"replies":[{"embeddable":true,"href":"https:\/\/agora.xtec.cat\/esc-renaixencahostalets\/wp-json\/wp\/v2\/comments?post=19733"}],"version-history":[{"count":1,"href":"https:\/\/agora.xtec.cat\/esc-renaixencahostalets\/wp-json\/wp\/v2\/posts\/19733\/revisions"}],"predecessor-version":[{"id":19734,"href":"https:\/\/agora.xtec.cat\/esc-renaixencahostalets\/wp-json\/wp\/v2\/posts\/19733\/revisions\/19734"}],"wp:featuredmedia":[{"embeddable":true,"href":"https:\/\/agora.xtec.cat\/esc-renaixencahostalets\/wp-json\/wp\/v2\/media\/19697"}],"wp:attachment":[{"href":"https:\/\/agora.xtec.cat\/esc-renaixencahostalets\/wp-json\/wp\/v2\/media?parent=19733"}],"wp:term":[{"taxonomy":"category","embeddable":true,"href":"https:\/\/agora.xtec.cat\/esc-renaixencahostalets\/wp-json\/wp\/v2\/categories?post=19733"},{"taxonomy":"post_tag","embeddable":true,"href":"https:\/\/agora.xtec.cat\/esc-renaixencahostalets\/wp-json\/wp\/v2\/tags?post=19733"}],"curies":[{"name":"wp","href":"https:\/\/api.w.org\/{rel}","templated":true}]}}