{"id":19594,"date":"2021-02-28T16:02:11","date_gmt":"2021-02-28T15:02:11","guid":{"rendered":"http:\/\/agora.xtec.cat\/esc-renaixencahostalets\/?p=19594"},"modified":"2021-02-28T11:00:59","modified_gmt":"2021-02-28T10:00:59","slug":"marato-de-programacio","status":"publish","type":"post","link":"https:\/\/agora.xtec.cat\/esc-renaixencahostalets\/general\/marato-de-programacio\/","title":{"rendered":"Marat\u00f3 de programaci\u00f3"},"content":{"rendered":"<p>Aprendre a programar ens ajuda a pensar d&#8217;una forma m\u00e9s anal\u00edtica i estructurada obrint-nos les portes a una relaci\u00f3 m\u00e9s \u00edntima amb la tecnologia que ens permet adquirir el rol de creadors i protagonistes a m\u00e9s del d&#8217;usuaris i espectadors.<\/p>\n<p>Des de <a href=\"https:\/\/www.uma.es\/#gsc.tab=0\">la Universitat de M\u00e0laga<\/a> ens han ofert la possibilitat de participar en la competici\u00f3 de programadors <a href=\"https:\/\/www.juntadeandalucia.es\/educacion\/portals\/web\/revista-andalucia-educativa\/contenidos\/-\/contenidos\/detalle\/la-universidad-de-malaga-convoca-el-txackathon-periodico\">TXACathon Peri\u00f2dico<\/a> i hem volgut aprofitar l&#8217;oportunitat que aix\u00f2 suposa.<\/p>\n<p>M\u00e9s d&#8217;una dotzena d&#8217;alumnes de Prim\u00e0ria i Secund\u00e0ria ja han fet el pas per aprendre a programar i el dissabte 6 participaran en aquesta marat\u00f3 de programaci\u00f3. Des d&#8217;aqu\u00ed, enviar-los els nostres millors desitjos.<\/p>\n<p><iframe loading=\"lazy\" src=\"https:\/\/drive.google.com\/file\/d\/1Mt4-wQB1YGdeYwBPtnKx4wVUXceDCO06\/preview\" width=\"640\" height=\"480\"><\/iframe><\/p>\n","protected":false},"excerpt":{"rendered":"<p>Participem en el marat\u00f3 de programaci\u00f3 TXACathon Peri\u00f2dico que organitza la Universitat de M\u00e0laga.&hellip;  <a href=\"https:\/\/agora.xtec.cat\/esc-renaixencahostalets\/general\/marato-de-programacio\/\" title=\"Read Marat\u00f3 de programaci\u00f3\">Llegeix m\u00e9s\u00bb<\/a><\/p>\n","protected":false},"author":11,"featured_media":19596,"comment_status":"open","ping_status":"closed","sticky":false,"template":"","format":"standard","meta":{"_bbp_topic_count":0,"_bbp_reply_count":0,"_bbp_total_topic_count":0,"_bbp_total_reply_count":0,"_bbp_voice_count":0,"_bbp_anonymous_reply_count":0,"_bbp_topic_count_hidden":0,"_bbp_reply_count_hidden":0,"_bbp_forum_subforum_count":0,"footnotes":""},"categories":[10,131,11,12,13,14,15,99,1,124,123,119,121,122,125,126,127,128],"tags":[],"class_list":["post-19594","post","type-post","status-publish","format-standard","has-post-thumbnail","hentry","category-1r","category-1r-eso","category-2n","category-3r","category-4t","category-5e","category-6e","category-cd","category-general","category-124","category-123","category-119","category-121","category-122","category-125","category-126","category-127","category-128"],"post_mailing_queue_ids":[],"_links":{"self":[{"href":"https:\/\/agora.xtec.cat\/esc-renaixencahostalets\/wp-json\/wp\/v2\/posts\/19594","targetHints":{"allow":["GET"]}}],"collection":[{"href":"https:\/\/agora.xtec.cat\/esc-renaixencahostalets\/wp-json\/wp\/v2\/posts"}],"about":[{"href":"https:\/\/agora.xtec.cat\/esc-renaixencahostalets\/wp-json\/wp\/v2\/types\/post"}],"author":[{"embeddable":true,"href":"https:\/\/agora.xtec.cat\/esc-renaixencahostalets\/wp-json\/wp\/v2\/users\/11"}],"replies":[{"embeddable":true,"href":"https:\/\/agora.xtec.cat\/esc-renaixencahostalets\/wp-json\/wp\/v2\/comments?post=19594"}],"version-history":[{"count":2,"href":"https:\/\/agora.xtec.cat\/esc-renaixencahostalets\/wp-json\/wp\/v2\/posts\/19594\/revisions"}],"predecessor-version":[{"id":19597,"href":"https:\/\/agora.xtec.cat\/esc-renaixencahostalets\/wp-json\/wp\/v2\/posts\/19594\/revisions\/19597"}],"wp:featuredmedia":[{"embeddable":true,"href":"https:\/\/agora.xtec.cat\/esc-renaixencahostalets\/wp-json\/wp\/v2\/media\/19596"}],"wp:attachment":[{"href":"https:\/\/agora.xtec.cat\/esc-renaixencahostalets\/wp-json\/wp\/v2\/media?parent=19594"}],"wp:term":[{"taxonomy":"category","embeddable":true,"href":"https:\/\/agora.xtec.cat\/esc-renaixencahostalets\/wp-json\/wp\/v2\/categories?post=19594"},{"taxonomy":"post_tag","embeddable":true,"href":"https:\/\/agora.xtec.cat\/esc-renaixencahostalets\/wp-json\/wp\/v2\/tags?post=19594"}],"curies":[{"name":"wp","href":"https:\/\/api.w.org\/{rel}","templated":true}]}}