{"id":19539,"date":"2021-02-28T21:23:35","date_gmt":"2021-02-28T20:23:35","guid":{"rendered":"http:\/\/agora.xtec.cat\/esc-renaixencahostalets\/?p=19539"},"modified":"2021-03-16T13:21:47","modified_gmt":"2021-03-16T12:21:47","slug":"p4-petita-historia-els-sentits","status":"publish","type":"post","link":"https:\/\/agora.xtec.cat\/esc-renaixencahostalets\/general\/p4-petita-historia-els-sentits\/","title":{"rendered":"P4 Petita hist\u00f2ria &#8220;Els sentits&#8221;"},"content":{"rendered":"<p>Els nens i nenes de P4 hem comen\u00e7at a treballar la petita hist\u00f2ria dels sentits.\u00a0 Mica en <span style=\"font-family: inherit; font-size: 1em;\">mica estem descobrint moltes coses del nostre propi cos, quins s\u00f3n els sentits, els \u00f2rgans pels quals percebem cada sentit i a <\/span><span style=\"font-family: inherit; font-size: 1em;\">m\u00e9s, a m\u00e9<\/span><span style=\"font-family: inherit; font-size: 1em;\">s estem gaudint de moltes activitats\u00a0 i experimentacions que ens apropen a cadascun dels sentits. Hem comen\u00e7at per l&#8217;olfacte i el gust.<\/span><\/p>\n<p>Agra\u00efm al centre de recursos pedag\u00f2gics de l&#8217;Anoia el material que ens ha deixat en pr\u00e9stec durant aquest temps. Les maletes pedag\u00f2giques han estat un recurs molt \u00fatil i ric amb varietat de materials.<\/p>\n<p><img loading=\"lazy\" decoding=\"async\" class=\"wp-image-19540 alignleft\" src=\"https:\/\/agora.xtec.cat\/esc-renaixencahostalets\/wp-content\/uploads\/usu1823\/2021\/02\/els-sentits.jpg\" alt=\"\" width=\"237\" height=\"178\" srcset=\"https:\/\/agora.xtec.cat\/esc-renaixencahostalets\/wp-content\/uploads\/usu1823\/2021\/02\/els-sentits.jpg 960w, https:\/\/agora.xtec.cat\/esc-renaixencahostalets\/wp-content\/uploads\/usu1823\/2021\/02\/els-sentits-300x225.jpg 300w, https:\/\/agora.xtec.cat\/esc-renaixencahostalets\/wp-content\/uploads\/usu1823\/2021\/02\/els-sentits-768x576.jpg 768w, https:\/\/agora.xtec.cat\/esc-renaixencahostalets\/wp-content\/uploads\/usu1823\/2021\/02\/els-sentits-200x150.jpg 200w\" sizes=\"auto, (max-width: 237px) 100vw, 237px\" \/><br \/>\nPodeu veure qu\u00e8 b\u00e9 ens ho passem!<\/p>\n<p><a href=\"http:\/\/agora.xtec.cat\/esc-renaixencahostalets\/fotos-p4\/\">P4 A Els sentits<\/a><br \/>\n<a href=\"http:\/\/agora.xtec.cat\/esc-renaixencahostalets\/fotos-p4\/\">P4 B Els sentits<\/a><br \/>\n<a href=\"http:\/\/agora.xtec.cat\/esc-renaixencahostalets\/fotos-p4\/\">P4 C Els sentits<\/a><\/p>\n<p>&nbsp;<\/p>\n","protected":false},"excerpt":{"rendered":"<p>Els nens i nenes de P4 hem comen\u00e7at a treballar la petita hist\u00f2ria dels sentits.\u00a0 Mica en mica estem descobrint moltes coses del nostre propi cos, quins s\u00f3n els sentits, els \u00f2rgans pels quals percebem cada sentit i a m\u00e9s, a m\u00e9s estem gaudint de&hellip;  <a href=\"https:\/\/agora.xtec.cat\/esc-renaixencahostalets\/general\/p4-petita-historia-els-sentits\/\" title=\"Read P4 Petita hist\u00f2ria &#8220;Els sentits&#8221;\">Llegeix m\u00e9s\u00bb<\/a><\/p>\n","protected":false},"author":1,"featured_media":19540,"comment_status":"open","ping_status":"closed","sticky":false,"template":"","format":"standard","meta":{"_bbp_topic_count":0,"_bbp_reply_count":0,"_bbp_total_topic_count":0,"_bbp_total_reply_count":0,"_bbp_voice_count":0,"_bbp_anonymous_reply_count":0,"_bbp_topic_count_hidden":0,"_bbp_reply_count_hidden":0,"_bbp_forum_subforum_count":0,"footnotes":""},"categories":[1,8],"tags":[],"class_list":["post-19539","post","type-post","status-publish","format-standard","has-post-thumbnail","hentry","category-general","category-i4"],"post_mailing_queue_ids":[],"_links":{"self":[{"href":"https:\/\/agora.xtec.cat\/esc-renaixencahostalets\/wp-json\/wp\/v2\/posts\/19539","targetHints":{"allow":["GET"]}}],"collection":[{"href":"https:\/\/agora.xtec.cat\/esc-renaixencahostalets\/wp-json\/wp\/v2\/posts"}],"about":[{"href":"https:\/\/agora.xtec.cat\/esc-renaixencahostalets\/wp-json\/wp\/v2\/types\/post"}],"author":[{"embeddable":true,"href":"https:\/\/agora.xtec.cat\/esc-renaixencahostalets\/wp-json\/wp\/v2\/users\/1"}],"replies":[{"embeddable":true,"href":"https:\/\/agora.xtec.cat\/esc-renaixencahostalets\/wp-json\/wp\/v2\/comments?post=19539"}],"version-history":[{"count":3,"href":"https:\/\/agora.xtec.cat\/esc-renaixencahostalets\/wp-json\/wp\/v2\/posts\/19539\/revisions"}],"predecessor-version":[{"id":19673,"href":"https:\/\/agora.xtec.cat\/esc-renaixencahostalets\/wp-json\/wp\/v2\/posts\/19539\/revisions\/19673"}],"wp:featuredmedia":[{"embeddable":true,"href":"https:\/\/agora.xtec.cat\/esc-renaixencahostalets\/wp-json\/wp\/v2\/media\/19540"}],"wp:attachment":[{"href":"https:\/\/agora.xtec.cat\/esc-renaixencahostalets\/wp-json\/wp\/v2\/media?parent=19539"}],"wp:term":[{"taxonomy":"category","embeddable":true,"href":"https:\/\/agora.xtec.cat\/esc-renaixencahostalets\/wp-json\/wp\/v2\/categories?post=19539"},{"taxonomy":"post_tag","embeddable":true,"href":"https:\/\/agora.xtec.cat\/esc-renaixencahostalets\/wp-json\/wp\/v2\/tags?post=19539"}],"curies":[{"name":"wp","href":"https:\/\/api.w.org\/{rel}","templated":true}]}}