{"id":19385,"date":"2021-01-31T12:10:49","date_gmt":"2021-01-31T11:10:49","guid":{"rendered":"http:\/\/agora.xtec.cat\/esc-renaixencahostalets\/?p=19385"},"modified":"2021-01-31T12:10:59","modified_gmt":"2021-01-31T11:10:59","slug":"sessio-de-contacontes-a-p4","status":"publish","type":"post","link":"https:\/\/agora.xtec.cat\/esc-renaixencahostalets\/general\/sessio-de-contacontes-a-p4\/","title":{"rendered":"Sessi\u00f3 de contacontes a P4"},"content":{"rendered":"<p>Aquests dies les nenes i els nens de P4 hem pogut gaudir d&#8217;una sessi\u00f3 de contacontes a c\u00e0rrec de l&#8217;Anna Garcia. Ens hem deixat sorprendre per les seves meravelloses hist\u00f2ries i els personatges que l&#8217;acompanyen, un m\u00f3n ple de m\u00e0gia i fantasia amenitzat amb la m\u00fasica del seu acordi\u00f3. Ho hem passat molt i molt b\u00e9!<\/p>\n<p style=\"text-align: left;\">\u00a0 \u00a0 \u00a0 \u00a0 \u00a0 \u00a0 \u00a0 \u00a0 \u00a0 \u00a0 \u00a0 \u00a0 \u00a0 \u00a0 \u00a0 \u00a0<iframe loading=\"lazy\" src=\"https:\/\/drive.google.com\/file\/d\/1LqY7B0h6mSeJ0THavufjfxmUkPHUMZ4M\/preview\" width=\"640\" height=\"480\"><\/iframe><\/p>\n<p>Podeu veure les imatges<br \/>\n<a href=\"http:\/\/agora.xtec.cat\/esc-renaixencahostalets\/fotos-p4\/\">Contacontes P4 A<\/a><br \/>\n<a href=\"http:\/\/agora.xtec.cat\/esc-renaixencahostalets\/fotos-p4\/\">Contacontes P4 B<\/a><br \/>\n<a href=\"http:\/\/agora.xtec.cat\/esc-renaixencahostalets\/fotos-p4\/\">Contacontes P4 C<\/a><\/p>\n","protected":false},"excerpt":{"rendered":"<p>Aquests dies les nenes i els nens de P4 hem pogut gaudir d&#8217;una sessi\u00f3 de contacontes a c\u00e0rrec de l&#8217;Anna Garcia. Ens hem deixat sorprendre per les seves meravelloses hist\u00f2ries i els personatges que l&#8217;acompanyen, un m\u00f3n ple de m\u00e0gia i fantasia amenitzat amb la&hellip;  <a href=\"https:\/\/agora.xtec.cat\/esc-renaixencahostalets\/general\/sessio-de-contacontes-a-p4\/\" title=\"Read Sessi\u00f3 de contacontes a P4\">Llegeix m\u00e9s\u00bb<\/a><\/p>\n","protected":false},"author":1,"featured_media":0,"comment_status":"open","ping_status":"closed","sticky":false,"template":"","format":"standard","meta":{"_bbp_topic_count":0,"_bbp_reply_count":0,"_bbp_total_topic_count":0,"_bbp_total_reply_count":0,"_bbp_voice_count":0,"_bbp_anonymous_reply_count":0,"_bbp_topic_count_hidden":0,"_bbp_reply_count_hidden":0,"_bbp_forum_subforum_count":0,"footnotes":""},"categories":[1,8,125],"tags":[],"class_list":["post-19385","post","type-post","status-publish","format-standard","hentry","category-general","category-i4","category-125"],"post_mailing_queue_ids":[],"_links":{"self":[{"href":"https:\/\/agora.xtec.cat\/esc-renaixencahostalets\/wp-json\/wp\/v2\/posts\/19385","targetHints":{"allow":["GET"]}}],"collection":[{"href":"https:\/\/agora.xtec.cat\/esc-renaixencahostalets\/wp-json\/wp\/v2\/posts"}],"about":[{"href":"https:\/\/agora.xtec.cat\/esc-renaixencahostalets\/wp-json\/wp\/v2\/types\/post"}],"author":[{"embeddable":true,"href":"https:\/\/agora.xtec.cat\/esc-renaixencahostalets\/wp-json\/wp\/v2\/users\/1"}],"replies":[{"embeddable":true,"href":"https:\/\/agora.xtec.cat\/esc-renaixencahostalets\/wp-json\/wp\/v2\/comments?post=19385"}],"version-history":[{"count":3,"href":"https:\/\/agora.xtec.cat\/esc-renaixencahostalets\/wp-json\/wp\/v2\/posts\/19385\/revisions"}],"predecessor-version":[{"id":19403,"href":"https:\/\/agora.xtec.cat\/esc-renaixencahostalets\/wp-json\/wp\/v2\/posts\/19385\/revisions\/19403"}],"wp:attachment":[{"href":"https:\/\/agora.xtec.cat\/esc-renaixencahostalets\/wp-json\/wp\/v2\/media?parent=19385"}],"wp:term":[{"taxonomy":"category","embeddable":true,"href":"https:\/\/agora.xtec.cat\/esc-renaixencahostalets\/wp-json\/wp\/v2\/categories?post=19385"},{"taxonomy":"post_tag","embeddable":true,"href":"https:\/\/agora.xtec.cat\/esc-renaixencahostalets\/wp-json\/wp\/v2\/tags?post=19385"}],"curies":[{"name":"wp","href":"https:\/\/api.w.org\/{rel}","templated":true}]}}