{"id":19364,"date":"2021-01-26T13:06:43","date_gmt":"2021-01-26T12:06:43","guid":{"rendered":"http:\/\/agora.xtec.cat\/esc-renaixencahostalets\/?p=19364"},"modified":"2021-01-26T13:06:43","modified_gmt":"2021-01-26T12:06:43","slug":"la-plastica-a-p3","status":"publish","type":"post","link":"https:\/\/agora.xtec.cat\/esc-renaixencahostalets\/blog-de-curs\/i3\/la-plastica-a-p3\/","title":{"rendered":"La pl\u00e0stica a P3"},"content":{"rendered":"<p>&nbsp;<\/p>\n<p><a href=\"https:\/\/agora.xtec.cat\/esc-renaixencahostalets\/wp-content\/uploads\/usu1823\/2021\/01\/baixa-1.jpg\"><img loading=\"lazy\" decoding=\"async\" class=\"alignnone size-full wp-image-19370\" src=\"https:\/\/agora.xtec.cat\/esc-renaixencahostalets\/wp-content\/uploads\/usu1823\/2021\/01\/baixa-1.jpg\" alt=\"\" width=\"275\" height=\"183\" \/><\/a> <a href=\"https:\/\/agora.xtec.cat\/esc-renaixencahostalets\/wp-content\/uploads\/usu1823\/2021\/01\/baixa.jpg\"><img loading=\"lazy\" decoding=\"async\" class=\"alignnone wp-image-19371\" src=\"https:\/\/agora.xtec.cat\/esc-renaixencahostalets\/wp-content\/uploads\/usu1823\/2021\/01\/baixa.jpg\" alt=\"\" width=\"243\" height=\"182\" srcset=\"https:\/\/agora.xtec.cat\/esc-renaixencahostalets\/wp-content\/uploads\/usu1823\/2021\/01\/baixa.jpg 259w, https:\/\/agora.xtec.cat\/esc-renaixencahostalets\/wp-content\/uploads\/usu1823\/2021\/01\/baixa-200x150.jpg 200w\" sizes=\"auto, (max-width: 243px) 100vw, 243px\" \/><\/a><\/p>\n<p><iframe loading=\"lazy\" src=\"https:\/\/drive.google.com\/file\/d\/1qqz-fycKlMAxxVl637iHwsfLHYlrMebb\/preview\" width=\"640\" height=\"480\"><\/iframe><\/p>\n<p><iframe loading=\"lazy\" src=\"https:\/\/drive.google.com\/file\/d\/1y5ke4ia1xhwcflt9IBxIaQmFxB_9DPKZ\/preview\" width=\"640\" height=\"480\"><\/iframe><\/p>\n<p>Durant el mes de desembre i gener hem introdu\u00eft les propostes de pl\u00e0stica a l&#8217;aula. Els infants tenen diferents activitats pl\u00e0stiques que poden realitzar durant aquesta hora i mitja. Ara estan gaudint modelant fang i pintant caixes amb volum, tot un repte!!!<\/p>\n<p>Us deixem un petit recull de fotos.<\/p>\n<p><a href=\"http:\/\/agora.xtec.cat\/esc-renaixencahostalets\/fotos-p3\/\">Fotos P3-A<\/a> i <a href=\"http:\/\/agora.xtec.cat\/esc-renaixencahostalets\/fotos-p3\/\">Fotos P3-B<\/a><\/p>\n","protected":false},"excerpt":{"rendered":"<p>&nbsp;<br \/>\n<a href=\"https:\/\/agora.xtec.cat\/esc-renaixencahostalets\/wp-content\/uploads\/usu1823\/2021\/01\/baixa-1.jpg\"><\/a> <a href=\"https:\/\/agora.xtec.cat\/esc-renaixencahostalets\/wp-content\/uploads\/usu1823\/2021\/01\/baixa.jpg\"><\/a><\/p>\n<p>Durant el mes de desembre i gener hem introdu\u00eft les propostes de pl\u00e0stica a l&#8217;aula. Els infants tenen diferents activitats pl\u00e0stiques que poden realitzar durant aquesta hora i mitja. Ara estan gaudint modelant fang i pintant caixes amb volum, tot un repte!!!<br \/>\nUs&hellip;  <a href=\"https:\/\/agora.xtec.cat\/esc-renaixencahostalets\/blog-de-curs\/i3\/la-plastica-a-p3\/\" title=\"Read La pl\u00e0stica a P3\">Llegeix m\u00e9s\u00bb<\/a><\/p>\n","protected":false},"author":25,"featured_media":19370,"comment_status":"open","ping_status":"closed","sticky":false,"template":"","format":"standard","meta":{"_bbp_topic_count":0,"_bbp_reply_count":0,"_bbp_total_topic_count":0,"_bbp_total_reply_count":0,"_bbp_voice_count":0,"_bbp_anonymous_reply_count":0,"_bbp_topic_count_hidden":0,"_bbp_reply_count_hidden":0,"_bbp_forum_subforum_count":0,"footnotes":""},"categories":[3],"tags":[],"class_list":["post-19364","post","type-post","status-publish","format-standard","has-post-thumbnail","hentry","category-i3"],"post_mailing_queue_ids":[],"_links":{"self":[{"href":"https:\/\/agora.xtec.cat\/esc-renaixencahostalets\/wp-json\/wp\/v2\/posts\/19364","targetHints":{"allow":["GET"]}}],"collection":[{"href":"https:\/\/agora.xtec.cat\/esc-renaixencahostalets\/wp-json\/wp\/v2\/posts"}],"about":[{"href":"https:\/\/agora.xtec.cat\/esc-renaixencahostalets\/wp-json\/wp\/v2\/types\/post"}],"author":[{"embeddable":true,"href":"https:\/\/agora.xtec.cat\/esc-renaixencahostalets\/wp-json\/wp\/v2\/users\/25"}],"replies":[{"embeddable":true,"href":"https:\/\/agora.xtec.cat\/esc-renaixencahostalets\/wp-json\/wp\/v2\/comments?post=19364"}],"version-history":[{"count":3,"href":"https:\/\/agora.xtec.cat\/esc-renaixencahostalets\/wp-json\/wp\/v2\/posts\/19364\/revisions"}],"predecessor-version":[{"id":19373,"href":"https:\/\/agora.xtec.cat\/esc-renaixencahostalets\/wp-json\/wp\/v2\/posts\/19364\/revisions\/19373"}],"wp:featuredmedia":[{"embeddable":true,"href":"https:\/\/agora.xtec.cat\/esc-renaixencahostalets\/wp-json\/wp\/v2\/media\/19370"}],"wp:attachment":[{"href":"https:\/\/agora.xtec.cat\/esc-renaixencahostalets\/wp-json\/wp\/v2\/media?parent=19364"}],"wp:term":[{"taxonomy":"category","embeddable":true,"href":"https:\/\/agora.xtec.cat\/esc-renaixencahostalets\/wp-json\/wp\/v2\/categories?post=19364"},{"taxonomy":"post_tag","embeddable":true,"href":"https:\/\/agora.xtec.cat\/esc-renaixencahostalets\/wp-json\/wp\/v2\/tags?post=19364"}],"curies":[{"name":"wp","href":"https:\/\/api.w.org\/{rel}","templated":true}]}}