{"id":19352,"date":"2021-01-21T14:11:21","date_gmt":"2021-01-21T13:11:21","guid":{"rendered":"http:\/\/agora.xtec.cat\/esc-renaixencahostalets\/?p=19352"},"modified":"2021-01-21T14:11:21","modified_gmt":"2021-01-21T13:11:21","slug":"poefa-anem-al-teatre","status":"publish","type":"post","link":"https:\/\/agora.xtec.cat\/esc-renaixencahostalets\/general\/poefa-anem-al-teatre\/","title":{"rendered":"POEFA &#8211; Anem al Teatre"},"content":{"rendered":"<p><a href=\"https:\/\/agora.xtec.cat\/esc-renaixencahostalets\/wp-content\/uploads\/usu1823\/2021\/01\/image.png\"><img loading=\"lazy\" decoding=\"async\" class=\"alignnone size-full wp-image-19343\" src=\"https:\/\/agora.xtec.cat\/esc-renaixencahostalets\/wp-content\/uploads\/usu1823\/2021\/01\/image.png\" alt=\"\" width=\"524\" height=\"69\" srcset=\"https:\/\/agora.xtec.cat\/esc-renaixencahostalets\/wp-content\/uploads\/usu1823\/2021\/01\/image.png 524w, https:\/\/agora.xtec.cat\/esc-renaixencahostalets\/wp-content\/uploads\/usu1823\/2021\/01\/image-300x40.png 300w\" sizes=\"auto, (max-width: 524px) 100vw, 524px\" \/><\/a><\/p>\n<div>Enguany ens han concedit una dotaci\u00f3 econ\u00f2mica de 1500\u20ac dins del Projecte amb oportunitats d&#8217;\u00e8xit educatiu a favor de l&#8217;alumnat en centres educatius p\u00fablics (POEFA) que finan\u00e7a el Ministeri d&#8217;Educaci\u00f3 i cofinan\u00e7a el Fons Social Europeu.<\/div>\n<p>&nbsp;<\/p>\n<div><\/div>\n<div>Aquesta dotaci\u00f3 econ\u00f2mica l&#8217;utilitzarem per contractar\u00a0una empresa de Teatre de Piera: <a href=\"https:\/\/puntmoc.com\/\">PUNTMOC<\/a>. A l&#8217;abril ens vindran a fer 3 funcions al pati de l&#8217;escola del seu espectcle <a href=\"https:\/\/www.youtube.com\/watch?v=owOTfK45a8Y\">GagsOnTrix<\/a><\/div>\n<p>&nbsp;<\/p>\n<div>Properament us informarem del dia exacte.<\/div>\n<p>&nbsp;<\/p>\n<div><\/div>\n<div>Se&#8217;n beneficiar\u00e0, d&#8217;aquesta dotaci\u00f3,\u00a0 l&#8217;alumnat de l&#8217;escola de prim\u00e0ria i d&#8217;ESO. D&#8217;aquesta manera l&#8217;activitat de teatre a l&#8217;escola no tindr\u00e0 cap cost per les fam\u00edlies.<\/div>\n<div><\/div>\n<p>&nbsp;<\/p>\n<div><\/div>\n<div><\/div>\n<div><img loading=\"lazy\" decoding=\"async\" class=\"alignnone size-large\" src=\"https:\/\/puntmoc.com\/wp-content\/uploads\/2020\/10\/DSC_2449-768x246.jpg\" width=\"768\" height=\"246\" \/><\/div>\n","protected":false},"excerpt":{"rendered":"<p><a href=\"https:\/\/agora.xtec.cat\/esc-renaixencahostalets\/wp-content\/uploads\/usu1823\/2021\/01\/image.png\"><\/a><br \/>\nEnguany ens han concedit una dotaci\u00f3 econ\u00f2mica de 1500\u20ac dins del Projecte amb oportunitats d&#8217;\u00e8xit educatiu a favor de l&#8217;alumnat en centres educatius p\u00fablics (POEFA) que finan\u00e7a el Ministeri d&#8217;Educaci\u00f3 i cofinan\u00e7a el Fons Social Europeu.<br \/>\n&nbsp;<\/p>\n<p>Aquesta dotaci\u00f3 econ\u00f2mica l&#8217;utilitzarem per contractar\u00a0una empresa de Teatre&hellip;  <a href=\"https:\/\/agora.xtec.cat\/esc-renaixencahostalets\/general\/poefa-anem-al-teatre\/\" title=\"Read POEFA &#8211; Anem al Teatre\">Llegeix m\u00e9s\u00bb<\/a><\/p>\n","protected":false},"author":1,"featured_media":19354,"comment_status":"open","ping_status":"closed","sticky":false,"template":"","format":"standard","meta":{"_bbp_topic_count":0,"_bbp_reply_count":0,"_bbp_total_topic_count":0,"_bbp_total_reply_count":0,"_bbp_voice_count":0,"_bbp_anonymous_reply_count":0,"_bbp_topic_count_hidden":0,"_bbp_reply_count_hidden":0,"_bbp_forum_subforum_count":0,"footnotes":""},"categories":[104,1],"tags":[],"class_list":["post-19352","post","type-post","status-publish","format-standard","has-post-thumbnail","hentry","category-beques","category-general"],"post_mailing_queue_ids":[],"_links":{"self":[{"href":"https:\/\/agora.xtec.cat\/esc-renaixencahostalets\/wp-json\/wp\/v2\/posts\/19352","targetHints":{"allow":["GET"]}}],"collection":[{"href":"https:\/\/agora.xtec.cat\/esc-renaixencahostalets\/wp-json\/wp\/v2\/posts"}],"about":[{"href":"https:\/\/agora.xtec.cat\/esc-renaixencahostalets\/wp-json\/wp\/v2\/types\/post"}],"author":[{"embeddable":true,"href":"https:\/\/agora.xtec.cat\/esc-renaixencahostalets\/wp-json\/wp\/v2\/users\/1"}],"replies":[{"embeddable":true,"href":"https:\/\/agora.xtec.cat\/esc-renaixencahostalets\/wp-json\/wp\/v2\/comments?post=19352"}],"version-history":[{"count":1,"href":"https:\/\/agora.xtec.cat\/esc-renaixencahostalets\/wp-json\/wp\/v2\/posts\/19352\/revisions"}],"predecessor-version":[{"id":19353,"href":"https:\/\/agora.xtec.cat\/esc-renaixencahostalets\/wp-json\/wp\/v2\/posts\/19352\/revisions\/19353"}],"wp:featuredmedia":[{"embeddable":true,"href":"https:\/\/agora.xtec.cat\/esc-renaixencahostalets\/wp-json\/wp\/v2\/media\/19354"}],"wp:attachment":[{"href":"https:\/\/agora.xtec.cat\/esc-renaixencahostalets\/wp-json\/wp\/v2\/media?parent=19352"}],"wp:term":[{"taxonomy":"category","embeddable":true,"href":"https:\/\/agora.xtec.cat\/esc-renaixencahostalets\/wp-json\/wp\/v2\/categories?post=19352"},{"taxonomy":"post_tag","embeddable":true,"href":"https:\/\/agora.xtec.cat\/esc-renaixencahostalets\/wp-json\/wp\/v2\/tags?post=19352"}],"curies":[{"name":"wp","href":"https:\/\/api.w.org\/{rel}","templated":true}]}}