{"id":19303,"date":"2020-12-22T17:32:50","date_gmt":"2020-12-22T16:32:50","guid":{"rendered":"http:\/\/agora.xtec.cat\/esc-renaixencahostalets\/?p=19303"},"modified":"2020-12-22T17:32:50","modified_gmt":"2020-12-22T16:32:50","slug":"p4-corre-per-la-marato","status":"publish","type":"post","link":"https:\/\/agora.xtec.cat\/esc-renaixencahostalets\/general\/p4-corre-per-la-marato\/","title":{"rendered":"P4 Corre per la Marat\u00f3"},"content":{"rendered":"<p><a href=\"https:\/\/agora.xtec.cat\/esc-renaixencahostalets\/wp-content\/uploads\/usu1823\/2020\/12\/1686f206-c699-4876-8af2-ea717b829318.jpg\"><img loading=\"lazy\" decoding=\"async\" class=\"wp-image-19277 aligncenter\" src=\"https:\/\/agora.xtec.cat\/esc-renaixencahostalets\/wp-content\/uploads\/usu1823\/2020\/12\/1686f206-c699-4876-8af2-ea717b829318-1024x472.jpg\" alt=\"\" width=\"449\" height=\"207\" srcset=\"https:\/\/agora.xtec.cat\/esc-renaixencahostalets\/wp-content\/uploads\/usu1823\/2020\/12\/1686f206-c699-4876-8af2-ea717b829318-1024x472.jpg 1024w, https:\/\/agora.xtec.cat\/esc-renaixencahostalets\/wp-content\/uploads\/usu1823\/2020\/12\/1686f206-c699-4876-8af2-ea717b829318-300x138.jpg 300w, https:\/\/agora.xtec.cat\/esc-renaixencahostalets\/wp-content\/uploads\/usu1823\/2020\/12\/1686f206-c699-4876-8af2-ea717b829318-768x354.jpg 768w, https:\/\/agora.xtec.cat\/esc-renaixencahostalets\/wp-content\/uploads\/usu1823\/2020\/12\/1686f206-c699-4876-8af2-ea717b829318.jpg 1025w\" sizes=\"auto, (max-width: 449px) 100vw, 449px\" \/><\/a><br \/>\nEl dilluns 14 de desembre al mat\u00ed els infants de P4 han participat a la cursa solid\u00e0ria com tots els alumnes de l&#8217;Institut Escola Renaixen\u00e7a. Enguany els diners recaptats van dirigits a la Marat\u00f3 de TV3 que aquest any destina la recaptaci\u00f3 a la Investigaci\u00f3 de la COVID-19.<br \/>\nHem de felicitar els infants de P4 van ser uns grans corredors i es van esfor\u00e7ar molt\u00edssim!!!<br \/>\n<a href=\"http:\/\/agora.xtec.cat\/esc-renaixencahostalets\/fotos-p4\/\">P4-A<\/a><br \/>\n<a href=\"http:\/\/agora.xtec.cat\/esc-renaixencahostalets\/fotos-p4\/\">P4-B<\/a><br \/>\n<a href=\"http:\/\/agora.xtec.cat\/esc-renaixencahostalets\/fotos-p4\/\">P4-C<\/a><\/p>\n","protected":false},"excerpt":{"rendered":"<p><a href=\"https:\/\/agora.xtec.cat\/esc-renaixencahostalets\/wp-content\/uploads\/usu1823\/2020\/12\/1686f206-c699-4876-8af2-ea717b829318.jpg\"><\/a><br \/>\nEl dilluns 14 de desembre al mat\u00ed els infants de P4 han participat a la cursa solid\u00e0ria com tots els alumnes de l&#8217;Institut Escola Renaixen\u00e7a. Enguany els diners recaptats van dirigits a la Marat\u00f3 de TV3 que aquest any destina la recaptaci\u00f3 a la&hellip;  <a href=\"https:\/\/agora.xtec.cat\/esc-renaixencahostalets\/general\/p4-corre-per-la-marato\/\" title=\"Read P4 Corre per la Marat\u00f3\">Llegeix m\u00e9s\u00bb<\/a><\/p>\n","protected":false},"author":24,"featured_media":0,"comment_status":"open","ping_status":"closed","sticky":false,"template":"","format":"standard","meta":{"_bbp_topic_count":0,"_bbp_reply_count":0,"_bbp_total_topic_count":0,"_bbp_total_reply_count":0,"_bbp_voice_count":0,"_bbp_anonymous_reply_count":0,"_bbp_topic_count_hidden":0,"_bbp_reply_count_hidden":0,"_bbp_forum_subforum_count":0,"footnotes":""},"categories":[1,8,128],"tags":[],"class_list":["post-19303","post","type-post","status-publish","format-standard","hentry","category-general","category-i4","category-128"],"post_mailing_queue_ids":[],"_links":{"self":[{"href":"https:\/\/agora.xtec.cat\/esc-renaixencahostalets\/wp-json\/wp\/v2\/posts\/19303","targetHints":{"allow":["GET"]}}],"collection":[{"href":"https:\/\/agora.xtec.cat\/esc-renaixencahostalets\/wp-json\/wp\/v2\/posts"}],"about":[{"href":"https:\/\/agora.xtec.cat\/esc-renaixencahostalets\/wp-json\/wp\/v2\/types\/post"}],"author":[{"embeddable":true,"href":"https:\/\/agora.xtec.cat\/esc-renaixencahostalets\/wp-json\/wp\/v2\/users\/24"}],"replies":[{"embeddable":true,"href":"https:\/\/agora.xtec.cat\/esc-renaixencahostalets\/wp-json\/wp\/v2\/comments?post=19303"}],"version-history":[{"count":3,"href":"https:\/\/agora.xtec.cat\/esc-renaixencahostalets\/wp-json\/wp\/v2\/posts\/19303\/revisions"}],"predecessor-version":[{"id":19315,"href":"https:\/\/agora.xtec.cat\/esc-renaixencahostalets\/wp-json\/wp\/v2\/posts\/19303\/revisions\/19315"}],"wp:attachment":[{"href":"https:\/\/agora.xtec.cat\/esc-renaixencahostalets\/wp-json\/wp\/v2\/media?parent=19303"}],"wp:term":[{"taxonomy":"category","embeddable":true,"href":"https:\/\/agora.xtec.cat\/esc-renaixencahostalets\/wp-json\/wp\/v2\/categories?post=19303"},{"taxonomy":"post_tag","embeddable":true,"href":"https:\/\/agora.xtec.cat\/esc-renaixencahostalets\/wp-json\/wp\/v2\/tags?post=19303"}],"curies":[{"name":"wp","href":"https:\/\/api.w.org\/{rel}","templated":true}]}}