{"id":19269,"date":"2020-12-17T16:55:44","date_gmt":"2020-12-17T15:55:44","guid":{"rendered":"http:\/\/agora.xtec.cat\/esc-renaixencahostalets\/?p=19269"},"modified":"2020-12-17T19:59:04","modified_gmt":"2020-12-17T18:59:04","slug":"contacontes-p3","status":"publish","type":"post","link":"https:\/\/agora.xtec.cat\/esc-renaixencahostalets\/general\/contacontes-p3\/","title":{"rendered":"Contacontes P3"},"content":{"rendered":"<p><iframe loading=\"lazy\" src=\"https:\/\/drive.google.com\/file\/d\/1lT2DcvgvliYNMC4SVBAdu9e9DKkIyBGb\/preview\" width=\"640\" height=\"480\"><\/iframe><\/p>\n<p>La primera setmana de desembre l&#8217;Anna Garc\u00eda ens va endinsar en el m\u00f3n de la fantasia gr\u00e0cies a les seves <span class=\"hiddenGrammarError\" style=\"padding-bottom: 2px; background-image: url('..\/..\/..\/..\/..\/images\/squiggle.png'); background-repeat: repeat-x; background-position: left bottom; cursor: default; color: #666666; font-family: 'Open Sans', Helvetica, Arial, sans-serif; font-size: 16px; font-style: normal; font-variant-ligatures: normal; font-variant-caps: normal; font-weight: 300; letter-spacing: normal; orphans: 2; text-align: start; text-indent: 0px; text-transform: none; white-space: normal; widows: 2; word-spacing: 0px; -webkit-text-stroke-width: 0px; text-decoration-thickness: initial; text-decoration-style: initial; text-decoration-color: initial;\">titelles, uns <\/span>materials incre\u00efbles i la seva veu. Aquesta \u00e9s la primera sessi\u00f3 de Contacontes que hem tingut i esperem tenir moltes m\u00e9s!!! Ens vam quedar bocabadats!!!<\/p>\n<div>I aqu\u00ed us deixem un petit recull de fotos de la sessi\u00f3<\/div>\n<div><\/div>\n<div><a href=\"http:\/\/agora.xtec.cat\/esc-renaixencahostalets\/fotos-p3\/\">P3-A<\/a><\/div>\n<div><\/div>\n<div><a href=\"http:\/\/agora.xtec.cat\/esc-renaixencahostalets\/fotos-p3\/\">P3-B<\/a><\/div>\n<div><\/div>\n<div>\n<div class=\"gmail_default\">Aquesta \u00e9s la p\u00e0gina web de l&#8217;Anna Garc\u00eda per si voleu veure una mica el que fa:<\/div>\n<div><\/div>\n<div class=\"gmail_default\"><u><span style=\"color: #0000ff;\"><a href=\"http:\/\/www.elscontesdelanna.com\/\" target=\"_blank\" rel=\"noopener noreferrer\" data-saferedirecturl=\"https:\/\/www.google.com\/url?q=http:\/\/www.elscontesdelanna.com\/&amp;source=gmail&amp;ust=1608144154781000&amp;usg=AFQjCNHISo8tOr-9vAnjHOjQ_XCAYuL7JA\">http:\/\/www.elscontesdelanna.<wbr \/>com<\/a><\/span><\/u><\/div>\n<\/div>\n","protected":false},"excerpt":{"rendered":"<p>La primera setmana de desembre l&#8217;Anna Garc\u00eda ens va endinsar en el m\u00f3n de la fantasia gr\u00e0cies a les seves titelles, uns materials incre\u00efbles i la seva veu. Aquesta \u00e9s la primera sessi\u00f3 de Contacontes que hem tingut i esperem tenir moltes m\u00e9s!!! Ens vam&hellip;  <a href=\"https:\/\/agora.xtec.cat\/esc-renaixencahostalets\/general\/contacontes-p3\/\" title=\"Read Contacontes P3\">Llegeix m\u00e9s\u00bb<\/a><\/p>\n","protected":false},"author":25,"featured_media":19287,"comment_status":"open","ping_status":"closed","sticky":false,"template":"","format":"standard","meta":{"_bbp_topic_count":0,"_bbp_reply_count":0,"_bbp_total_topic_count":0,"_bbp_total_reply_count":0,"_bbp_voice_count":0,"_bbp_anonymous_reply_count":0,"_bbp_topic_count_hidden":0,"_bbp_reply_count_hidden":0,"_bbp_forum_subforum_count":0,"footnotes":""},"categories":[1,3],"tags":[],"class_list":["post-19269","post","type-post","status-publish","format-standard","has-post-thumbnail","hentry","category-general","category-i3"],"post_mailing_queue_ids":[],"_links":{"self":[{"href":"https:\/\/agora.xtec.cat\/esc-renaixencahostalets\/wp-json\/wp\/v2\/posts\/19269","targetHints":{"allow":["GET"]}}],"collection":[{"href":"https:\/\/agora.xtec.cat\/esc-renaixencahostalets\/wp-json\/wp\/v2\/posts"}],"about":[{"href":"https:\/\/agora.xtec.cat\/esc-renaixencahostalets\/wp-json\/wp\/v2\/types\/post"}],"author":[{"embeddable":true,"href":"https:\/\/agora.xtec.cat\/esc-renaixencahostalets\/wp-json\/wp\/v2\/users\/25"}],"replies":[{"embeddable":true,"href":"https:\/\/agora.xtec.cat\/esc-renaixencahostalets\/wp-json\/wp\/v2\/comments?post=19269"}],"version-history":[{"count":3,"href":"https:\/\/agora.xtec.cat\/esc-renaixencahostalets\/wp-json\/wp\/v2\/posts\/19269\/revisions"}],"predecessor-version":[{"id":19286,"href":"https:\/\/agora.xtec.cat\/esc-renaixencahostalets\/wp-json\/wp\/v2\/posts\/19269\/revisions\/19286"}],"wp:featuredmedia":[{"embeddable":true,"href":"https:\/\/agora.xtec.cat\/esc-renaixencahostalets\/wp-json\/wp\/v2\/media\/19287"}],"wp:attachment":[{"href":"https:\/\/agora.xtec.cat\/esc-renaixencahostalets\/wp-json\/wp\/v2\/media?parent=19269"}],"wp:term":[{"taxonomy":"category","embeddable":true,"href":"https:\/\/agora.xtec.cat\/esc-renaixencahostalets\/wp-json\/wp\/v2\/categories?post=19269"},{"taxonomy":"post_tag","embeddable":true,"href":"https:\/\/agora.xtec.cat\/esc-renaixencahostalets\/wp-json\/wp\/v2\/tags?post=19269"}],"curies":[{"name":"wp","href":"https:\/\/api.w.org\/{rel}","templated":true}]}}