{"id":19222,"date":"2020-12-15T13:45:51","date_gmt":"2020-12-15T12:45:51","guid":{"rendered":"http:\/\/agora.xtec.cat\/esc-renaixencahostalets\/?p=19222"},"modified":"2020-12-15T13:45:51","modified_gmt":"2020-12-15T12:45:51","slug":"p4-ha-arribat-el-tio","status":"publish","type":"post","link":"https:\/\/agora.xtec.cat\/esc-renaixencahostalets\/general\/p4-ha-arribat-el-tio\/","title":{"rendered":"P4 Ha arribat el ti\u00f3!!"},"content":{"rendered":"<p><a href=\"https:\/\/agora.xtec.cat\/esc-renaixencahostalets\/wp-content\/uploads\/usu1823\/2020\/12\/follet-fanalet-1.jpg\"><img loading=\"lazy\" decoding=\"async\" class=\"wp-image-19229 aligncenter\" src=\"https:\/\/agora.xtec.cat\/esc-renaixencahostalets\/wp-content\/uploads\/usu1823\/2020\/12\/follet-fanalet-1-576x1024.jpg\" alt=\"\" width=\"221\" height=\"393\" srcset=\"https:\/\/agora.xtec.cat\/esc-renaixencahostalets\/wp-content\/uploads\/usu1823\/2020\/12\/follet-fanalet-1-576x1024.jpg 576w, https:\/\/agora.xtec.cat\/esc-renaixencahostalets\/wp-content\/uploads\/usu1823\/2020\/12\/follet-fanalet-1-169x300.jpg 169w, https:\/\/agora.xtec.cat\/esc-renaixencahostalets\/wp-content\/uploads\/usu1823\/2020\/12\/follet-fanalet-1-768x1365.jpg 768w\" sizes=\"auto, (max-width: 221px) 100vw, 221px\" \/><\/a><\/p>\n<p>El follet del fanalet ens ha deixat el segon missatge. Ens deia que an\u00e9ssim al bosc a buscar al Ti\u00f3 i aix\u00ed ho hem fet.<br \/>\nSi voleu veure les fotos cliqueu aqu\u00ed:<\/p>\n<p><a href=\"http:\/\/agora.xtec.cat\/esc-renaixencahostalets\/fotos-p4\/\">P4A Bosquet de Can Valls<\/a><\/p>\n<p><a href=\"http:\/\/agora.xtec.cat\/esc-renaixencahostalets\/fotos-p4\/\">P4B Bosquet de Can Valls<\/a><\/p>\n<p><a href=\"http:\/\/agora.xtec.cat\/esc-renaixencahostalets\/fotos-p4\/\">P4C Bosquet d&#8217;entrada al poble<\/a><\/p>\n","protected":false},"excerpt":{"rendered":"<p><a href=\"https:\/\/agora.xtec.cat\/esc-renaixencahostalets\/wp-content\/uploads\/usu1823\/2020\/12\/follet-fanalet-1.jpg\"><\/a><br \/>\nEl follet del fanalet ens ha deixat el segon missatge. Ens deia que an\u00e9ssim al bosc a buscar al Ti\u00f3 i aix\u00ed ho hem fet.<br \/>\nSi voleu veure les fotos cliqueu aqu\u00ed:<br \/>\n<a href=\"http:\/\/agora.xtec.cat\/esc-renaixencahostalets\/fotos-p4\/\">P4A Bosquet de Can Valls<\/a><br \/>\n<a href=\"http:\/\/agora.xtec.cat\/esc-renaixencahostalets\/fotos-p4\/\">P4B Bosquet de Can Valls<\/a><br \/>\n<a href=\"http:\/\/agora.xtec.cat\/esc-renaixencahostalets\/fotos-p4\/\">P4C Bosquet d&#8217;entrada&hellip;  <a href=\"https:\/\/agora.xtec.cat\/esc-renaixencahostalets\/general\/p4-ha-arribat-el-tio\/\" title=\"Read P4 Ha arribat el ti\u00f3!!\">Llegeix m\u00e9s\u00bb<\/a><\/p>\n","protected":false},"author":24,"featured_media":0,"comment_status":"open","ping_status":"closed","sticky":false,"template":"","format":"standard","meta":{"_bbp_topic_count":0,"_bbp_reply_count":0,"_bbp_total_topic_count":0,"_bbp_total_reply_count":0,"_bbp_voice_count":0,"_bbp_anonymous_reply_count":0,"_bbp_topic_count_hidden":0,"_bbp_reply_count_hidden":0,"_bbp_forum_subforum_count":0,"footnotes":""},"categories":[1,8,128],"tags":[],"class_list":["post-19222","post","type-post","status-publish","format-standard","hentry","category-general","category-i4","category-128"],"post_mailing_queue_ids":[],"_links":{"self":[{"href":"https:\/\/agora.xtec.cat\/esc-renaixencahostalets\/wp-json\/wp\/v2\/posts\/19222","targetHints":{"allow":["GET"]}}],"collection":[{"href":"https:\/\/agora.xtec.cat\/esc-renaixencahostalets\/wp-json\/wp\/v2\/posts"}],"about":[{"href":"https:\/\/agora.xtec.cat\/esc-renaixencahostalets\/wp-json\/wp\/v2\/types\/post"}],"author":[{"embeddable":true,"href":"https:\/\/agora.xtec.cat\/esc-renaixencahostalets\/wp-json\/wp\/v2\/users\/24"}],"replies":[{"embeddable":true,"href":"https:\/\/agora.xtec.cat\/esc-renaixencahostalets\/wp-json\/wp\/v2\/comments?post=19222"}],"version-history":[{"count":3,"href":"https:\/\/agora.xtec.cat\/esc-renaixencahostalets\/wp-json\/wp\/v2\/posts\/19222\/revisions"}],"predecessor-version":[{"id":19258,"href":"https:\/\/agora.xtec.cat\/esc-renaixencahostalets\/wp-json\/wp\/v2\/posts\/19222\/revisions\/19258"}],"wp:attachment":[{"href":"https:\/\/agora.xtec.cat\/esc-renaixencahostalets\/wp-json\/wp\/v2\/media?parent=19222"}],"wp:term":[{"taxonomy":"category","embeddable":true,"href":"https:\/\/agora.xtec.cat\/esc-renaixencahostalets\/wp-json\/wp\/v2\/categories?post=19222"},{"taxonomy":"post_tag","embeddable":true,"href":"https:\/\/agora.xtec.cat\/esc-renaixencahostalets\/wp-json\/wp\/v2\/tags?post=19222"}],"curies":[{"name":"wp","href":"https:\/\/api.w.org\/{rel}","templated":true}]}}