{"id":19201,"date":"2020-12-09T17:16:12","date_gmt":"2020-12-09T16:16:12","guid":{"rendered":"http:\/\/agora.xtec.cat\/esc-renaixencahostalets\/?p=19201"},"modified":"2020-12-09T17:20:00","modified_gmt":"2020-12-09T16:20:00","slug":"diari-emocional-a-4ta","status":"publish","type":"post","link":"https:\/\/agora.xtec.cat\/esc-renaixencahostalets\/general\/diari-emocional-a-4ta\/","title":{"rendered":"Diari emocional a 4tA"},"content":{"rendered":"<p><a href=\"https:\/\/agora.xtec.cat\/esc-renaixencahostalets\/wp-content\/uploads\/usu1823\/2020\/12\/IMG_1144.jpg\"><img loading=\"lazy\" decoding=\"async\" class=\"alignnone size-large wp-image-19190\" src=\"https:\/\/agora.xtec.cat\/esc-renaixencahostalets\/wp-content\/uploads\/usu1823\/2020\/12\/IMG_1144-1024x768.jpg\" alt=\"\" width=\"1024\" height=\"768\" srcset=\"https:\/\/agora.xtec.cat\/esc-renaixencahostalets\/wp-content\/uploads\/usu1823\/2020\/12\/IMG_1144-1024x768.jpg 1024w, https:\/\/agora.xtec.cat\/esc-renaixencahostalets\/wp-content\/uploads\/usu1823\/2020\/12\/IMG_1144-300x225.jpg 300w, https:\/\/agora.xtec.cat\/esc-renaixencahostalets\/wp-content\/uploads\/usu1823\/2020\/12\/IMG_1144-768x576.jpg 768w, https:\/\/agora.xtec.cat\/esc-renaixencahostalets\/wp-content\/uploads\/usu1823\/2020\/12\/IMG_1144-200x150.jpg 200w\" sizes=\"auto, (max-width: 1024px) 100vw, 1024px\" \/><\/a>Durant aquests primers mesos de curs els alumnes de 4tA hem estat molt atents a les nostres <strong>emocions<\/strong>. Les emocions son les que ens fan actuar d\u2019una manera o d\u2019una altra en les diferents situacions de la nostra vida, \u00e9s per aix\u00f2 que volem saber com es diuen i com reaccionem quan les sentim. Creiem que con\u00e8ixer el seu nom i saber qu\u00e8 ens fan fer i, en definitiva, ser, \u00e9s la clau per estar segurs, tranquils i feli\u00e7os. \u00c9s per aix\u00f2 que els alumnes de de 4tA hem comen\u00e7at un <strong>diari emocional<\/strong> personal. En les primeres p\u00e0gines anem anotant les emocions noves que van sortint a l\u2019aula i en les p\u00e0gines seg\u00fcents anotem l\u2019emoci\u00f3 que sentim i quan l\u2019hem sentit de manera m\u00e9s personal. Relacionar-nos amb elles \u00e9s el primer pas per con\u00e8ixer-nos una mica m\u00e9s a nosaltres mateixos. Som-hi valents!<\/p>\n","protected":false},"excerpt":{"rendered":"<p><a href=\"https:\/\/agora.xtec.cat\/esc-renaixencahostalets\/wp-content\/uploads\/usu1823\/2020\/12\/IMG_1144.jpg\"><\/a>Durant aquests primers mesos de curs els alumnes de 4tA hem estat molt atents a les nostres emocions. Les emocions son les que ens fan actuar d\u2019una manera o d\u2019una altra en les diferents situacions de la nostra vida, \u00e9s per aix\u00f2 que volem&hellip;  <a href=\"https:\/\/agora.xtec.cat\/esc-renaixencahostalets\/general\/diari-emocional-a-4ta\/\" title=\"Read Diari emocional a 4tA\">Llegeix m\u00e9s\u00bb<\/a><\/p>\n","protected":false},"author":55,"featured_media":0,"comment_status":"open","ping_status":"closed","sticky":false,"template":"","format":"standard","meta":{"_bbp_topic_count":0,"_bbp_reply_count":0,"_bbp_total_topic_count":0,"_bbp_total_reply_count":0,"_bbp_voice_count":0,"_bbp_anonymous_reply_count":0,"_bbp_topic_count_hidden":0,"_bbp_reply_count_hidden":0,"_bbp_forum_subforum_count":0,"footnotes":""},"categories":[13,1,121],"tags":[],"class_list":["post-19201","post","type-post","status-publish","format-standard","hentry","category-4t","category-general","category-121"],"post_mailing_queue_ids":[],"_links":{"self":[{"href":"https:\/\/agora.xtec.cat\/esc-renaixencahostalets\/wp-json\/wp\/v2\/posts\/19201","targetHints":{"allow":["GET"]}}],"collection":[{"href":"https:\/\/agora.xtec.cat\/esc-renaixencahostalets\/wp-json\/wp\/v2\/posts"}],"about":[{"href":"https:\/\/agora.xtec.cat\/esc-renaixencahostalets\/wp-json\/wp\/v2\/types\/post"}],"author":[{"embeddable":true,"href":"https:\/\/agora.xtec.cat\/esc-renaixencahostalets\/wp-json\/wp\/v2\/users\/55"}],"replies":[{"embeddable":true,"href":"https:\/\/agora.xtec.cat\/esc-renaixencahostalets\/wp-json\/wp\/v2\/comments?post=19201"}],"version-history":[{"count":3,"href":"https:\/\/agora.xtec.cat\/esc-renaixencahostalets\/wp-json\/wp\/v2\/posts\/19201\/revisions"}],"predecessor-version":[{"id":19204,"href":"https:\/\/agora.xtec.cat\/esc-renaixencahostalets\/wp-json\/wp\/v2\/posts\/19201\/revisions\/19204"}],"wp:attachment":[{"href":"https:\/\/agora.xtec.cat\/esc-renaixencahostalets\/wp-json\/wp\/v2\/media?parent=19201"}],"wp:term":[{"taxonomy":"category","embeddable":true,"href":"https:\/\/agora.xtec.cat\/esc-renaixencahostalets\/wp-json\/wp\/v2\/categories?post=19201"},{"taxonomy":"post_tag","embeddable":true,"href":"https:\/\/agora.xtec.cat\/esc-renaixencahostalets\/wp-json\/wp\/v2\/tags?post=19201"}],"curies":[{"name":"wp","href":"https:\/\/api.w.org\/{rel}","templated":true}]}}