{"id":19115,"date":"2020-11-27T08:06:20","date_gmt":"2020-11-27T07:06:20","guid":{"rendered":"http:\/\/agora.xtec.cat\/esc-renaixencahostalets\/?p=19115"},"modified":"2020-11-24T20:12:25","modified_gmt":"2020-11-24T19:12:25","slug":"espais-a-5e-primera-ronda","status":"publish","type":"post","link":"https:\/\/agora.xtec.cat\/esc-renaixencahostalets\/general\/espais-a-5e-primera-ronda\/","title":{"rendered":"Espais a 5\u00e8. Primera ronda."},"content":{"rendered":"<p>Durant aquest primer trimestre hem comen\u00e7at a fer espais a 5\u00e8. De moment, hem anat fent dins de cada aula propostes dels seg\u00fcents espais:<\/p>\n<ul>\n<li>Andr\u00f2mines.<\/li>\n<li>Ci\u00e8ncies.<\/li>\n<li>Ludoteca.<\/li>\n<li>Art.<\/li>\n<li>Jocs matem\u00e0tics.<\/li>\n<\/ul>\n<p>Clicant <a href=\"http:\/\/agora.xtec.cat\/esc-renaixencahostalets\/fotos-5e\/\">AQU\u00cd<\/a> podreu veure algunes fotografies.<\/p>\n<p><a href=\"https:\/\/agora.xtec.cat\/esc-renaixencahostalets\/wp-content\/uploads\/usu1823\/2020\/11\/Sin-t\u00edtulo.jpg\"><img loading=\"lazy\" decoding=\"async\" class=\"size-full wp-image-19116 alignleft\" src=\"https:\/\/agora.xtec.cat\/esc-renaixencahostalets\/wp-content\/uploads\/usu1823\/2020\/11\/Sin-t\u00edtulo.jpg\" alt=\"\" width=\"748\" height=\"704\" srcset=\"https:\/\/agora.xtec.cat\/esc-renaixencahostalets\/wp-content\/uploads\/usu1823\/2020\/11\/Sin-t\u00edtulo.jpg 748w, https:\/\/agora.xtec.cat\/esc-renaixencahostalets\/wp-content\/uploads\/usu1823\/2020\/11\/Sin-t\u00edtulo-300x282.jpg 300w\" sizes=\"auto, (max-width: 748px) 100vw, 748px\" \/><\/a><\/p>\n","protected":false},"excerpt":{"rendered":"<p>Durant aquest primer trimestre hem comen\u00e7at a fer espais a 5\u00e8. De moment, hem anat fent dins de cada aula propostes dels seg\u00fcents espais:<\/p>\n<ul>\n<li>Andr\u00f2mines.<\/li>\n<li>Ci\u00e8ncies.<\/li>\n<li>Ludoteca.<\/li>\n<li>Art.<\/li>\n<li>Jocs matem\u00e0tics.<\/li>\n<\/ul>\n<p>Clicant <a href=\"http:\/\/agora.xtec.cat\/esc-renaixencahostalets\/fotos-5e\/\">AQU\u00cd<\/a> podreu veure algunes fotografies.<br \/>\n<a href=\"https:\/\/agora.xtec.cat\/esc-renaixencahostalets\/wp-content\/uploads\/usu1823\/2020\/11\/Sin-t\u00edtulo.jpg\"><\/a><\/p>\n","protected":false},"author":26,"featured_media":19116,"comment_status":"closed","ping_status":"closed","sticky":false,"template":"","format":"standard","meta":{"_bbp_topic_count":0,"_bbp_reply_count":0,"_bbp_total_topic_count":0,"_bbp_total_reply_count":0,"_bbp_voice_count":0,"_bbp_anonymous_reply_count":0,"_bbp_topic_count_hidden":0,"_bbp_reply_count_hidden":0,"_bbp_forum_subforum_count":0,"footnotes":""},"categories":[14,1,119],"tags":[],"class_list":["post-19115","post","type-post","status-publish","format-standard","has-post-thumbnail","hentry","category-5e","category-general","category-119"],"post_mailing_queue_ids":[],"_links":{"self":[{"href":"https:\/\/agora.xtec.cat\/esc-renaixencahostalets\/wp-json\/wp\/v2\/posts\/19115","targetHints":{"allow":["GET"]}}],"collection":[{"href":"https:\/\/agora.xtec.cat\/esc-renaixencahostalets\/wp-json\/wp\/v2\/posts"}],"about":[{"href":"https:\/\/agora.xtec.cat\/esc-renaixencahostalets\/wp-json\/wp\/v2\/types\/post"}],"author":[{"embeddable":true,"href":"https:\/\/agora.xtec.cat\/esc-renaixencahostalets\/wp-json\/wp\/v2\/users\/26"}],"replies":[{"embeddable":true,"href":"https:\/\/agora.xtec.cat\/esc-renaixencahostalets\/wp-json\/wp\/v2\/comments?post=19115"}],"version-history":[{"count":2,"href":"https:\/\/agora.xtec.cat\/esc-renaixencahostalets\/wp-json\/wp\/v2\/posts\/19115\/revisions"}],"predecessor-version":[{"id":19118,"href":"https:\/\/agora.xtec.cat\/esc-renaixencahostalets\/wp-json\/wp\/v2\/posts\/19115\/revisions\/19118"}],"wp:featuredmedia":[{"embeddable":true,"href":"https:\/\/agora.xtec.cat\/esc-renaixencahostalets\/wp-json\/wp\/v2\/media\/19116"}],"wp:attachment":[{"href":"https:\/\/agora.xtec.cat\/esc-renaixencahostalets\/wp-json\/wp\/v2\/media?parent=19115"}],"wp:term":[{"taxonomy":"category","embeddable":true,"href":"https:\/\/agora.xtec.cat\/esc-renaixencahostalets\/wp-json\/wp\/v2\/categories?post=19115"},{"taxonomy":"post_tag","embeddable":true,"href":"https:\/\/agora.xtec.cat\/esc-renaixencahostalets\/wp-json\/wp\/v2\/tags?post=19115"}],"curies":[{"name":"wp","href":"https:\/\/api.w.org\/{rel}","templated":true}]}}