{"id":7,"count":5,"description":"<a href=\"https:\/\/amparenaixenca.cat\/\">WEB AMPA ESCOLA RENAIXEN\u00c7A<\/a>\r\n\r\n<strong>L\u2019Associaci\u00f3 de Mares i Pares<\/strong>\u00a0(AMPA) dels alumnes de l\u2019Escola Renaixen\u00e7a est\u00e0 formada per pares i mares de l\u2019escola. \u00c9s un motor per a la din\u00e0mica escolar i t\u00e9 com objectius participar i ajudar en el funcionament del centre i contribuir a l\u2019assoliment de nivells \u00f2ptims de qualitat en totes les activitats en qu\u00e8 participen els nostres fills i filles.\r\n\r\nEstem conven\u00e7uts que l\u2019educaci\u00f3 dels nostres fills i filles \u00e9s una\u00a0<strong>responsabilitat compartida<\/strong>. Les mares i pares fan un esfor\u00e7 personal i econ\u00f2mic (a trav\u00e9s de quotes) per tal que l\u2019escola tingui els mitjans necessaris per funcionar de manera \u00f2ptima.\r\n\r\n<strong>Et convidem a participar, tenir un paper actiu en el projecte educatiu de l\u2019escola<\/strong>, i con\u00e8ixer de prop qu\u00e8 fan els nostres fills\/filles. La nostra associaci\u00f3 \u00e9s de car\u00e0cter obert i participatiu i est\u00e0 sempre oberta a noves incorporacions.\r\n\r\n<strong>La teva participaci\u00f3<\/strong>\u00a0dep\u00e8n del temps que vulguis i puguis dedicar: de forma puntual, sense adquirir responsabilitats permanents ni comprom\u00eds de continu\u00eftat, ajudant en aquelles tasques que et sigui possible regularment, col\u00b7laborant amb alguna comissi\u00f3 de treball, etc.","link":"https:\/\/agora.xtec.cat\/esc-renaixencahostalets\/categoria\/afa\/","name":"AFA","slug":"afa","taxonomy":"category","parent":0,"meta":[],"_links":{"self":[{"href":"https:\/\/agora.xtec.cat\/esc-renaixencahostalets\/wp-json\/wp\/v2\/categories\/7","targetHints":{"allow":["GET"]}}],"collection":[{"href":"https:\/\/agora.xtec.cat\/esc-renaixencahostalets\/wp-json\/wp\/v2\/categories"}],"about":[{"href":"https:\/\/agora.xtec.cat\/esc-renaixencahostalets\/wp-json\/wp\/v2\/taxonomies\/category"}],"wp:post_type":[{"href":"https:\/\/agora.xtec.cat\/esc-renaixencahostalets\/wp-json\/wp\/v2\/posts?categories=7"}],"curies":[{"name":"wp","href":"https:\/\/api.w.org\/{rel}","templated":true}]}}