{"id":6864,"date":"2026-04-24T13:11:14","date_gmt":"2026-04-24T11:11:14","guid":{"rendered":"https:\/\/agora.xtec.cat\/esc-ramonycajal-terrassa\/?p=6864"},"modified":"2026-04-23T13:59:13","modified_gmt":"2026-04-23T11:59:13","slug":"aqui-tens-una-proposta-per-a-lentrada-del-blog-escrita-amb-un-to-engrescador-proper-i-que-convida-les-families-a-imaginar-tot-el-que-han-viscut-els-nens-i-nenes-%f0%9f%94%ac-petits-cientifics-i","status":"publish","type":"post","link":"https:\/\/agora.xtec.cat\/esc-ramonycajal-terrassa\/general\/aqui-tens-una-proposta-per-a-lentrada-del-blog-escrita-amb-un-to-engrescador-proper-i-que-convida-les-families-a-imaginar-tot-el-que-han-viscut-els-nens-i-nenes-%f0%9f%94%ac-petits-cientifics-i\/","title":{"rendered":"Aqu\u00ed tens una proposta per a l&#8217;entrada del blog, escrita amb un to engrescador, proper i que convida les fam\u00edlies a imaginar tot el que han viscut els nens i nenes.  \ud83d\udd2c Petits cient\u00edfics i grans exploradors: Cr\u00f2nica de les nostres col\u00f2nies a Can Ribas!"},"content":{"rendered":"","protected":true},"excerpt":{"rendered":"","protected":true},"author":9,"featured_media":6865,"comment_status":"open","ping_status":"open","sticky":false,"template":"","format":"standard","meta":{"_bbp_topic_count":0,"_bbp_reply_count":0,"_bbp_total_topic_count":0,"_bbp_total_reply_count":0,"_bbp_voice_count":0,"_bbp_anonymous_reply_count":0,"_bbp_topic_count_hidden":0,"_bbp_reply_count_hidden":0,"_bbp_forum_subforum_count":0,"footnotes":""},"categories":[11,1,4,5],"tags":[],"class_list":["post-6864","post","type-post","status-publish","format-standard","post-password-required","hentry","category-2n","category-general","category-portada","category-primaria"],"post_mailing_queue_ids":[],"_links":{"self":[{"href":"https:\/\/agora.xtec.cat\/esc-ramonycajal-terrassa\/wp-json\/wp\/v2\/posts\/6864","targetHints":{"allow":["GET"]}}],"collection":[{"href":"https:\/\/agora.xtec.cat\/esc-ramonycajal-terrassa\/wp-json\/wp\/v2\/posts"}],"about":[{"href":"https:\/\/agora.xtec.cat\/esc-ramonycajal-terrassa\/wp-json\/wp\/v2\/types\/post"}],"author":[{"embeddable":true,"href":"https:\/\/agora.xtec.cat\/esc-ramonycajal-terrassa\/wp-json\/wp\/v2\/users\/9"}],"replies":[{"embeddable":true,"href":"https:\/\/agora.xtec.cat\/esc-ramonycajal-terrassa\/wp-json\/wp\/v2\/comments?post=6864"}],"version-history":[{"count":1,"href":"https:\/\/agora.xtec.cat\/esc-ramonycajal-terrassa\/wp-json\/wp\/v2\/posts\/6864\/revisions"}],"predecessor-version":[{"id":6866,"href":"https:\/\/agora.xtec.cat\/esc-ramonycajal-terrassa\/wp-json\/wp\/v2\/posts\/6864\/revisions\/6866"}],"wp:featuredmedia":[{"embeddable":true,"href":"https:\/\/agora.xtec.cat\/esc-ramonycajal-terrassa\/wp-json\/wp\/v2\/media\/6865"}],"wp:attachment":[{"href":"https:\/\/agora.xtec.cat\/esc-ramonycajal-terrassa\/wp-json\/wp\/v2\/media?parent=6864"}],"wp:term":[{"taxonomy":"category","embeddable":true,"href":"https:\/\/agora.xtec.cat\/esc-ramonycajal-terrassa\/wp-json\/wp\/v2\/categories?post=6864"},{"taxonomy":"post_tag","embeddable":true,"href":"https:\/\/agora.xtec.cat\/esc-ramonycajal-terrassa\/wp-json\/wp\/v2\/tags?post=6864"}],"curies":[{"name":"wp","href":"https:\/\/api.w.org\/{rel}","templated":true}]}}