{"id":9999,"date":"2025-02-25T18:31:32","date_gmt":"2025-02-25T17:31:32","guid":{"rendered":"https:\/\/agora.xtec.cat\/esc-pericot\/?p=9999"},"modified":"2025-02-25T18:32:26","modified_gmt":"2025-02-25T17:32:26","slug":"ultimes-sortides-i-activitats","status":"publish","type":"post","link":"https:\/\/agora.xtec.cat\/esc-pericot\/primaria\/19-27\/ultimes-sortides-i-activitats\/","title":{"rendered":"\u00daltimes sortides i activitats"},"content":{"rendered":"\n<p>Aquestes \u00faltimes setmanes, els alumnes de 3r han gaudit d&#8217;experi\u00e8ncies culturals enriquidores amb tres activitats molt especials. Primer, vam assistir al concert del <strong>Pony Menut<\/strong> a l&#8217;auditori, on la m\u00fasica i la diversi\u00f3 van ser les protagonistes. Tamb\u00e9 vam viure la m\u00e0gia del circ amb l&#8217;espectacle <strong>Blau<\/strong>, del <strong>Circ de l&#8217;Elefant d&#8217;Or<\/strong>, una experi\u00e8ncia plena d&#8217;acrob\u00e0cies i emoci\u00f3. Finalment, vam poder gaudir del talent local amb l&#8217;<strong>audici\u00f3 de corda i piano<\/strong> de l&#8217;Escola Municipal de M\u00fasica de Girona, un bon moment per apreciar la m\u00fasica en directe.<\/p>\n\n\n\n<p>Recordeu que anem penjant les fotos a la carpeta corresponent i us convidem a veure les imatges d&#8217;aquestes activitats i descobrir com els vostres fills han viscut aquests moments!<\/p>\n\n\n\n<figure class=\"wp-block-image size-large is-resized\"><a href=\"https:\/\/drive.google.com\/drive\/folders\/120s7mb29Kif71BQJ_kGigpeiZcuIllWS?usp=sharing\"><img loading=\"lazy\" decoding=\"async\" width=\"1024\" height=\"561\" src=\"https:\/\/agora.xtec.cat\/esc-pericot\/wp-content\/uploads\/usu807\/2025\/02\/image-1024x561.png\" alt=\"\" class=\"wp-image-10000\" style=\"width:485px;height:auto\" srcset=\"https:\/\/agora.xtec.cat\/esc-pericot\/wp-content\/uploads\/usu807\/2025\/02\/image-1024x561.png 1024w, https:\/\/agora.xtec.cat\/esc-pericot\/wp-content\/uploads\/usu807\/2025\/02\/image-300x164.png 300w, https:\/\/agora.xtec.cat\/esc-pericot\/wp-content\/uploads\/usu807\/2025\/02\/image-768x421.png 768w, https:\/\/agora.xtec.cat\/esc-pericot\/wp-content\/uploads\/usu807\/2025\/02\/image.png 1135w\" sizes=\"auto, (max-width: 1024px) 100vw, 1024px\" \/><\/a><\/figure>\n\n\n\n<p>Pony Menut<\/p>\n\n\n\n<figure class=\"wp-block-image size-large is-resized\"><a href=\"https:\/\/drive.google.com\/drive\/folders\/13k-c1MUH0JWdGmKS97csX0pAL-_OA3on?usp=sharing\"><img loading=\"lazy\" decoding=\"async\" width=\"1024\" height=\"546\" src=\"https:\/\/agora.xtec.cat\/esc-pericot\/wp-content\/uploads\/usu807\/2025\/02\/image-1-1024x546.png\" alt=\"\" class=\"wp-image-10001\" style=\"width:487px;height:auto\" srcset=\"https:\/\/agora.xtec.cat\/esc-pericot\/wp-content\/uploads\/usu807\/2025\/02\/image-1-1024x546.png 1024w, https:\/\/agora.xtec.cat\/esc-pericot\/wp-content\/uploads\/usu807\/2025\/02\/image-1-300x160.png 300w, https:\/\/agora.xtec.cat\/esc-pericot\/wp-content\/uploads\/usu807\/2025\/02\/image-1-768x410.png 768w, https:\/\/agora.xtec.cat\/esc-pericot\/wp-content\/uploads\/usu807\/2025\/02\/image-1.png 1132w\" sizes=\"auto, (max-width: 1024px) 100vw, 1024px\" \/><\/a><\/figure>\n\n\n\n<p>Circ l&#8217;Elefant d&#8217;Or<\/p>\n\n\n\n<figure class=\"wp-block-image size-large is-resized\"><a href=\"https:\/\/drive.google.com\/drive\/folders\/14_tdfs6MvaN-EERnZ8TmmMTT1UD2UgH_?usp=sharing\"><img loading=\"lazy\" decoding=\"async\" width=\"1024\" height=\"552\" src=\"https:\/\/agora.xtec.cat\/esc-pericot\/wp-content\/uploads\/usu807\/2025\/02\/image-2-1024x552.png\" alt=\"\" class=\"wp-image-10002\" style=\"width:489px;height:auto\" srcset=\"https:\/\/agora.xtec.cat\/esc-pericot\/wp-content\/uploads\/usu807\/2025\/02\/image-2-1024x552.png 1024w, https:\/\/agora.xtec.cat\/esc-pericot\/wp-content\/uploads\/usu807\/2025\/02\/image-2-300x162.png 300w, https:\/\/agora.xtec.cat\/esc-pericot\/wp-content\/uploads\/usu807\/2025\/02\/image-2-768x414.png 768w, https:\/\/agora.xtec.cat\/esc-pericot\/wp-content\/uploads\/usu807\/2025\/02\/image-2.png 1143w\" sizes=\"auto, (max-width: 1024px) 100vw, 1024px\" \/><\/a><\/figure>\n\n\n\n<p>Audici\u00f3 a l&#8217;Escola Municipal de M\u00fasica de Girona<\/p>\n","protected":false},"excerpt":{"rendered":"<p>Aquestes \u00faltimes setmanes, els alumnes de 3r han gaudit d&#8217;experi\u00e8ncies culturals enriquidores amb tres activitats molt especials. Primer, vam assistir al concert del Pony Menut a l&#8217;auditori, on la m\u00fasica i la diversi\u00f3 van ser les protagonistes. Tamb\u00e9 vam viure la m\u00e0gia del circ amb l&#8217;espectacle Blau, del Circ de l&#8217;Elefant d&#8217;Or, una experi\u00e8ncia plena [&hellip;]<\/p>\n","protected":false},"author":5,"featured_media":0,"comment_status":"open","ping_status":"open","sticky":false,"template":"","format":"standard","meta":{"_bbp_topic_count":0,"_bbp_reply_count":0,"_bbp_total_topic_count":0,"_bbp_total_reply_count":0,"_bbp_voice_count":0,"_bbp_anonymous_reply_count":0,"_bbp_topic_count_hidden":0,"_bbp_reply_count_hidden":0,"_bbp_forum_subforum_count":0,"site-sidebar-layout":"default","site-content-layout":"","ast-site-content-layout":"","site-content-style":"default","site-sidebar-style":"default","ast-global-header-display":"","ast-banner-title-visibility":"","ast-main-header-display":"","ast-hfb-above-header-display":"","ast-hfb-below-header-display":"","ast-hfb-mobile-header-display":"","site-post-title":"","ast-breadcrumbs-content":"","ast-featured-img":"","footer-sml-layout":"","theme-transparent-header-meta":"","adv-header-id-meta":"","stick-header-meta":"","header-above-stick-meta":"","header-main-stick-meta":"","header-below-stick-meta":"","astra-migrate-meta-layouts":"default","ast-page-background-enabled":"default","ast-page-background-meta":{"desktop":{"background-color":"var(--ast-global-color-4)","background-image":"","background-repeat":"repeat","background-position":"center center","background-size":"auto","background-attachment":"scroll","background-type":"","background-media":"","overlay-type":"","overlay-color":"","overlay-opacity":"","overlay-gradient":""},"tablet":{"background-color":"","background-image":"","background-repeat":"repeat","background-position":"center center","background-size":"auto","background-attachment":"scroll","background-type":"","background-media":"","overlay-type":"","overlay-color":"","overlay-opacity":"","overlay-gradient":""},"mobile":{"background-color":"","background-image":"","background-repeat":"repeat","background-position":"center center","background-size":"auto","background-attachment":"scroll","background-type":"","background-media":"","overlay-type":"","overlay-color":"","overlay-opacity":"","overlay-gradient":""}},"ast-content-background-meta":{"desktop":{"background-color":"var(--ast-global-color-5)","background-image":"","background-repeat":"repeat","background-position":"center center","background-size":"auto","background-attachment":"scroll","background-type":"","background-media":"","overlay-type":"","overlay-color":"","overlay-opacity":"","overlay-gradient":""},"tablet":{"background-color":"var(--ast-global-color-5)","background-image":"","background-repeat":"repeat","background-position":"center center","background-size":"auto","background-attachment":"scroll","background-type":"","background-media":"","overlay-type":"","overlay-color":"","overlay-opacity":"","overlay-gradient":""},"mobile":{"background-color":"var(--ast-global-color-5)","background-image":"","background-repeat":"repeat","background-position":"center center","background-size":"auto","background-attachment":"scroll","background-type":"","background-media":"","overlay-type":"","overlay-color":"","overlay-opacity":"","overlay-gradient":""}},"footnotes":""},"categories":[9],"tags":[201,120,80,73,30,235,16],"class_list":["post-9999","post","type-post","status-publish","format-standard","hentry","category-19-27","tag-3r","tag-activitats","tag-cicle-mitja","tag-musica","tag-primaria","tag-sortida","tag-sortides"],"post_mailing_queue_ids":[],"_links":{"self":[{"href":"https:\/\/agora.xtec.cat\/esc-pericot\/wp-json\/wp\/v2\/posts\/9999","targetHints":{"allow":["GET"]}}],"collection":[{"href":"https:\/\/agora.xtec.cat\/esc-pericot\/wp-json\/wp\/v2\/posts"}],"about":[{"href":"https:\/\/agora.xtec.cat\/esc-pericot\/wp-json\/wp\/v2\/types\/post"}],"author":[{"embeddable":true,"href":"https:\/\/agora.xtec.cat\/esc-pericot\/wp-json\/wp\/v2\/users\/5"}],"replies":[{"embeddable":true,"href":"https:\/\/agora.xtec.cat\/esc-pericot\/wp-json\/wp\/v2\/comments?post=9999"}],"version-history":[{"count":1,"href":"https:\/\/agora.xtec.cat\/esc-pericot\/wp-json\/wp\/v2\/posts\/9999\/revisions"}],"predecessor-version":[{"id":10003,"href":"https:\/\/agora.xtec.cat\/esc-pericot\/wp-json\/wp\/v2\/posts\/9999\/revisions\/10003"}],"wp:attachment":[{"href":"https:\/\/agora.xtec.cat\/esc-pericot\/wp-json\/wp\/v2\/media?parent=9999"}],"wp:term":[{"taxonomy":"category","embeddable":true,"href":"https:\/\/agora.xtec.cat\/esc-pericot\/wp-json\/wp\/v2\/categories?post=9999"},{"taxonomy":"post_tag","embeddable":true,"href":"https:\/\/agora.xtec.cat\/esc-pericot\/wp-json\/wp\/v2\/tags?post=9999"}],"curies":[{"name":"wp","href":"https:\/\/api.w.org\/{rel}","templated":true}]}}