{"id":9907,"date":"2025-02-18T13:31:29","date_gmt":"2025-02-18T12:31:29","guid":{"rendered":"https:\/\/agora.xtec.cat\/esc-pericot\/?p=9907"},"modified":"2025-02-18T15:29:16","modified_gmt":"2025-02-18T14:29:16","slug":"lescola-pericot-avanca-amb-el-projecte-erasmus-ka121","status":"publish","type":"post","link":"https:\/\/agora.xtec.cat\/esc-pericot\/primaria\/21-29\/lescola-pericot-avanca-amb-el-projecte-erasmus-ka121\/","title":{"rendered":"L&#8217;escola Pericot avan\u00e7a amb el projecte Erasmus+ KA121"},"content":{"rendered":"\n<div class=\"wp-block-columns is-layout-flex wp-container-core-columns-is-layout-2 wp-block-columns-is-layout-flex\">\n<div class=\"wp-block-column is-layout-flow wp-block-column-is-layout-flow\" style=\"flex-basis:33.33%\">\n<figure class=\"wp-block-image size-large is-resized\"><img loading=\"lazy\" decoding=\"async\" width=\"1024\" height=\"768\" src=\"https:\/\/agora.xtec.cat\/esc-pericot\/wp-content\/uploads\/usu807\/2025\/02\/Formacio-Erasmus-Barna-1024x768.jpg\" alt=\"\" class=\"wp-image-9911\" style=\"width:468px;height:auto\" srcset=\"https:\/\/agora.xtec.cat\/esc-pericot\/wp-content\/uploads\/usu807\/2025\/02\/Formacio-Erasmus-Barna-1024x768.jpg 1024w, https:\/\/agora.xtec.cat\/esc-pericot\/wp-content\/uploads\/usu807\/2025\/02\/Formacio-Erasmus-Barna-300x225.jpg 300w, https:\/\/agora.xtec.cat\/esc-pericot\/wp-content\/uploads\/usu807\/2025\/02\/Formacio-Erasmus-Barna-768x576.jpg 768w, https:\/\/agora.xtec.cat\/esc-pericot\/wp-content\/uploads\/usu807\/2025\/02\/Formacio-Erasmus-Barna-1536x1152.jpg 1536w, https:\/\/agora.xtec.cat\/esc-pericot\/wp-content\/uploads\/usu807\/2025\/02\/Formacio-Erasmus-Barna-2048x1536.jpg 2048w, https:\/\/agora.xtec.cat\/esc-pericot\/wp-content\/uploads\/usu807\/2025\/02\/Formacio-Erasmus-Barna-200x150.jpg 200w\" sizes=\"auto, (max-width: 1024px) 100vw, 1024px\" \/><\/figure>\n\n\n\n<div class=\"wp-block-columns is-layout-flex wp-container-core-columns-is-layout-1 wp-block-columns-is-layout-flex\">\n<div class=\"wp-block-column is-layout-flow wp-block-column-is-layout-flow\" style=\"flex-basis:33.33%\"><\/div>\n\n\n\n<div class=\"wp-block-column is-layout-flow wp-block-column-is-layout-flow\" style=\"flex-basis:66.66%\"><\/div>\n<\/div>\n<\/div>\n\n\n\n<div class=\"wp-block-column is-layout-flow wp-block-column-is-layout-flow\" style=\"flex-basis:100%\">\n<p>La nostra escola compta amb l&#8217;<strong>acreditaci\u00f3 Erasmus+<\/strong>, fet que ens permet participar en projectes europeus per fomentar la internacionalitzaci\u00f3 i l\u2019enriquiment educatiu. Actualment, estem desenvolupant el projecte <strong>KA121<\/strong>, que facilita la <strong>mobilitat tant del professorat com de l&#8217;alumnat<\/strong>, oferint experi\u00e8ncies d&#8217;aprenentatge a l&#8217;estranger i l&#8217;intercanvi de bones pr\u00e0ctiques amb altres centres europeus.<\/p>\n\n\n\n<p><\/p>\n\n\n\n<p><\/p>\n<\/div>\n<\/div>\n\n\n\n<p>Per garantir una implementaci\u00f3 \u00f2ptima del projecte, la <strong>coordinadora Erasmus del centre<\/strong> est\u00e0 participant en una <strong>formaci\u00f3 a Barcelona<\/strong>, organitzada per la <strong>Unitat de Programes Internacionals<\/strong>. Aquesta formaci\u00f3 ofereix <strong>pautes, consells i acompanyament<\/strong> per al desenvolupament i seguiment dels projectes Erasmus <strong>KA121 i KA122<\/strong> de la convocat\u00f2ria 2024.<\/p>\n\n\n\n<p>Aquesta iniciativa ens ajuda a continuar millorant la gesti\u00f3 del projecte i a aprofitar al m\u00e0xim les oportunitats que el programa Erasmus+ ens ofereix. Seguirem treballant per impulsar una educaci\u00f3 oberta i connectada amb Europa! \ud83c\udf0d\u2708\ufe0f<\/p>\n","protected":false},"excerpt":{"rendered":"<p>La nostra escola compta amb l&#8217;acreditaci\u00f3 Erasmus+, fet que ens permet participar en projectes europeus per fomentar la internacionalitzaci\u00f3 i l\u2019enriquiment educatiu. Actualment, estem desenvolupant el projecte KA121, que facilita la mobilitat tant del professorat com de l&#8217;alumnat, oferint experi\u00e8ncies d&#8217;aprenentatge a l&#8217;estranger i l&#8217;intercanvi de bones pr\u00e0ctiques amb altres centres europeus. Per garantir una [&hellip;]<\/p>\n","protected":false},"author":10,"featured_media":9911,"comment_status":"open","ping_status":"open","sticky":false,"template":"","format":"standard","meta":{"_bbp_topic_count":0,"_bbp_reply_count":0,"_bbp_total_topic_count":0,"_bbp_total_reply_count":0,"_bbp_voice_count":0,"_bbp_anonymous_reply_count":0,"_bbp_topic_count_hidden":0,"_bbp_reply_count_hidden":0,"_bbp_forum_subforum_count":0,"site-sidebar-layout":"default","site-content-layout":"","ast-site-content-layout":"","site-content-style":"default","site-sidebar-style":"default","ast-global-header-display":"","ast-banner-title-visibility":"","ast-main-header-display":"","ast-hfb-above-header-display":"","ast-hfb-below-header-display":"","ast-hfb-mobile-header-display":"","site-post-title":"","ast-breadcrumbs-content":"","ast-featured-img":"","footer-sml-layout":"","theme-transparent-header-meta":"","adv-header-id-meta":"","stick-header-meta":"","header-above-stick-meta":"","header-main-stick-meta":"","header-below-stick-meta":"","astra-migrate-meta-layouts":"default","ast-page-background-enabled":"default","ast-page-background-meta":{"desktop":{"background-color":"var(--ast-global-color-4)","background-image":"","background-repeat":"repeat","background-position":"center center","background-size":"auto","background-attachment":"scroll","background-type":"","background-media":"","overlay-type":"","overlay-color":"","overlay-opacity":"","overlay-gradient":""},"tablet":{"background-color":"","background-image":"","background-repeat":"repeat","background-position":"center center","background-size":"auto","background-attachment":"scroll","background-type":"","background-media":"","overlay-type":"","overlay-color":"","overlay-opacity":"","overlay-gradient":""},"mobile":{"background-color":"","background-image":"","background-repeat":"repeat","background-position":"center center","background-size":"auto","background-attachment":"scroll","background-type":"","background-media":"","overlay-type":"","overlay-color":"","overlay-opacity":"","overlay-gradient":""}},"ast-content-background-meta":{"desktop":{"background-color":"var(--ast-global-color-5)","background-image":"","background-repeat":"repeat","background-position":"center center","background-size":"auto","background-attachment":"scroll","background-type":"","background-media":"","overlay-type":"","overlay-color":"","overlay-opacity":"","overlay-gradient":""},"tablet":{"background-color":"var(--ast-global-color-5)","background-image":"","background-repeat":"repeat","background-position":"center center","background-size":"auto","background-attachment":"scroll","background-type":"","background-media":"","overlay-type":"","overlay-color":"","overlay-opacity":"","overlay-gradient":""},"mobile":{"background-color":"var(--ast-global-color-5)","background-image":"","background-repeat":"repeat","background-position":"center center","background-size":"auto","background-attachment":"scroll","background-type":"","background-media":"","overlay-type":"","overlay-color":"","overlay-opacity":"","overlay-gradient":""}},"footnotes":""},"categories":[3,8,4],"tags":[65,76,123,29],"class_list":["post-9907","post","type-post","status-publish","format-standard","has-post-thumbnail","hentry","category-21-29","category-20-28","category-portada","tag-angles","tag-erasmus","tag-mestres","tag-projectes"],"post_mailing_queue_ids":[],"_links":{"self":[{"href":"https:\/\/agora.xtec.cat\/esc-pericot\/wp-json\/wp\/v2\/posts\/9907","targetHints":{"allow":["GET"]}}],"collection":[{"href":"https:\/\/agora.xtec.cat\/esc-pericot\/wp-json\/wp\/v2\/posts"}],"about":[{"href":"https:\/\/agora.xtec.cat\/esc-pericot\/wp-json\/wp\/v2\/types\/post"}],"author":[{"embeddable":true,"href":"https:\/\/agora.xtec.cat\/esc-pericot\/wp-json\/wp\/v2\/users\/10"}],"replies":[{"embeddable":true,"href":"https:\/\/agora.xtec.cat\/esc-pericot\/wp-json\/wp\/v2\/comments?post=9907"}],"version-history":[{"count":5,"href":"https:\/\/agora.xtec.cat\/esc-pericot\/wp-json\/wp\/v2\/posts\/9907\/revisions"}],"predecessor-version":[{"id":9963,"href":"https:\/\/agora.xtec.cat\/esc-pericot\/wp-json\/wp\/v2\/posts\/9907\/revisions\/9963"}],"wp:featuredmedia":[{"embeddable":true,"href":"https:\/\/agora.xtec.cat\/esc-pericot\/wp-json\/wp\/v2\/media\/9911"}],"wp:attachment":[{"href":"https:\/\/agora.xtec.cat\/esc-pericot\/wp-json\/wp\/v2\/media?parent=9907"}],"wp:term":[{"taxonomy":"category","embeddable":true,"href":"https:\/\/agora.xtec.cat\/esc-pericot\/wp-json\/wp\/v2\/categories?post=9907"},{"taxonomy":"post_tag","embeddable":true,"href":"https:\/\/agora.xtec.cat\/esc-pericot\/wp-json\/wp\/v2\/tags?post=9907"}],"curies":[{"name":"wp","href":"https:\/\/api.w.org\/{rel}","templated":true}]}}